{"id":897,"date":"2013-11-14T17:48:45","date_gmt":"2013-11-14T15:48:45","guid":{"rendered":"http:\/\/netzwerke-21.de\/?p=897"},"modified":"2015-07-23T00:14:19","modified_gmt":"2015-07-22T22:14:19","slug":"swr-vgh-lehnt-eilantrag-eines-eigentuemers-gegen-den-fildertunnel-ab","status":"publish","type":"post","link":"https:\/\/netzwerke-21.de\/?p=897","title":{"rendered":"VGH lehnt Eilantrag eines Eigent\u00fcmers gegen den Fildertunnel ab"},"content":{"rendered":"<div class=\"col-2\" id=\"hauptspalte\">\n<div class=\"beitrag\">\n<div class=\"einleitung\">\n<p>Der <a href=\"http:\/\/www.juris.de\/jportal\/portal\/page\/homerl.psml?nid=jnachr-JUNA131103421&amp;cmsuri=%2Fjuris%2Fde%2Fnachrichten%2Fzeigenachricht.jsp\">Verwaltungsgerichtshof Baden-W\u00fcrttemberg<\/a> hat einen Eilantrag eines Eigent\u00fcmers aus Stuttgart-Degerloch abgelehnt, den Bau des <a href=\"http:\/\/www.bahnprojekt-stuttgart-ulm.de\/details\/s21-neuordnung-bahnknoten-stuttgart\/die-bauabschnitte-pfa\/fildertunnel\/\">Fildertunnnels<\/a> zu stoppen. Sein Haus wird in 124 Meter Tiefe unterfahren. Lesen Sie <a title=\"SWR Eilantrag abgelehnt Fildertunnnel wird gebaut\" href=\"http:\/\/www.swr.de\/landesschau-aktuell\/bw\/eilantrag-gegen-fildertunnel-abgelehnt\/-\/id=1622\/nid=1622\/did=12383728\/4gbcla\/index.html\">hier<\/a>.<\/p>\n<p>Es sind jedoch noch <a href=\"http:\/\/www.stuttgarter-zeitung.de\/inhalt.stuttgart-21-vier-klagen-gegen-den-fildertunnel.98fcb947-1175-4cf0-bdb4-872e0002b18d.html\">weitere Klagen von Hauseigent\u00fcmern<\/a> gegen die Plan\u00e4nderung zum Bau des Fildertunnels mit einer Tunnelbohrmaschine anh\u00e4ngig. Die Stellungnahme eines Eigent\u00fcmers aus dem Netzwerk Kernerviertel gegen den <a href=\"http:\/\/netzwerke-21.de\/wordpress\/wp-content\/uploads\/7.-Anh\u00f6rungsB-2.P\u00c4-PFA1.2-.pdf\">Anh\u00f6rungsbericht des Regierungspr\u00e4sidiums <\/a>zur Plan\u00e4nderung des Fildertunnels finden Sie <a href=\"http:\/\/netzwerke-21.de\/wordpress\/wp-content\/uploads\/10.-StellungN-UD-zu-AnhB.doc\">hier<\/a>.<\/p>\n<\/div>\n<\/div>\n<\/div>\n","protected":false},"excerpt":{"rendered":"<p>Der Verwaltungsgerichtshof Baden-W\u00fcrttemberg hat einen Eilantrag eines Eigent\u00fcmers aus Stuttgart-Degerloch abgelehnt, den Bau des Fildertunnnels zu stoppen. Sein Haus wird in 124 Meter Tiefe unterfahren. Lesen Sie hier. Es sind jedoch noch weitere Klagen von Hauseigent\u00fcmern gegen die Plan\u00e4nderung zum &hellip; <a href=\"https:\/\/netzwerke-21.de\/?p=897\">Weiterlesen <span class=\"meta-nav\">&rarr;<\/span><\/a><\/p>\n","protected":false},"author":6,"featured_media":0,"comment_status":"closed","ping_status":"closed","sticky":false,"template":"","format":"standard","meta":{"footnotes":""},"categories":[44,47,12,21,62,4],"tags":[],"class_list":["post-897","post","type-post","status-publish","format-standard","hentry","category-degerloch","category-gaensheide","category-gebaeuderisiken","category-kernerviertel","category-klageverfahren","category-unterfahrung"],"_links":{"self":[{"href":"https:\/\/netzwerke-21.de\/index.php?rest_route=\/wp\/v2\/posts\/897","targetHints":{"allow":["GET"]}}],"collection":[{"href":"https:\/\/netzwerke-21.de\/index.php?rest_route=\/wp\/v2\/posts"}],"about":[{"href":"https:\/\/netzwerke-21.de\/index.php?rest_route=\/wp\/v2\/types\/post"}],"author":[{"embeddable":true,"href":"https:\/\/netzwerke-21.de\/index.php?rest_route=\/wp\/v2\/users\/6"}],"replies":[{"embeddable":true,"href":"https:\/\/netzwerke-21.de\/index.php?rest_route=%2Fwp%2Fv2%2Fcomments&post=897"}],"version-history":[{"count":12,"href":"https:\/\/netzwerke-21.de\/index.php?rest_route=\/wp\/v2\/posts\/897\/revisions"}],"predecessor-version":[{"id":911,"href":"https:\/\/netzwerke-21.de\/index.php?rest_route=\/wp\/v2\/posts\/897\/revisions\/911"}],"wp:attachment":[{"href":"https:\/\/netzwerke-21.de\/index.php?rest_route=%2Fwp%2Fv2%2Fmedia&parent=897"}],"wp:term":[{"taxonomy":"category","embeddable":true,"href":"https:\/\/netzwerke-21.de\/index.php?rest_route=%2Fwp%2Fv2%2Fcategories&post=897"},{"taxonomy":"post_tag","embeddable":true,"href":"https:\/\/netzwerke-21.de\/index.php?rest_route=%2Fwp%2Fv2%2Ftags&post=897"}],"curies":[{"name":"wp","href":"https:\/\/api.w.org\/{rel}","templated":true}]}}