{"id":8820,"date":"2015-04-30T20:04:22","date_gmt":"2015-04-30T18:04:22","guid":{"rendered":"http:\/\/netzwerke-21.de\/?p=8820"},"modified":"2017-12-08T00:00:39","modified_gmt":"2017-12-07T22:00:39","slug":"cam21-bezirksrathaus-bad-cannstatt-nichts-neues-von-der-ssb","status":"publish","type":"post","link":"https:\/\/netzwerke-21.de\/?p=8820","title":{"rendered":"Cam21: Bezirksrathaus Bad Cannstatt \u2013 Nichts Neues von der SSB?"},"content":{"rendered":"<p>Cam21 hat einen lesenswerten Kommentar (<a title=\"Cam21: Bezirksrathaus Bad Cannstatt \u2013 Nichts Neues von der SSB?\" href=\"http:\/\/cams21.de\/bezirksrathaus-bad-cannstatt-nichts-neues-von-der-ssb\/\" target=\"_blank\" rel=\"noopener noreferrer\">hier<\/a>) zur gestrigen Bezirksbeiratsitzung in Bad Cannstatt ver\u00f6ffentlicht, auf der Vertreter der SSB \u00fcber die Auswirkungen der Streckenunterbrechungen durch den Umbau der Haltestelle Staatsgalerie auf den Stadtbezirk informieren sollten. Ein Auszug daraus:<\/p>\n<p><em>&#8222;Der Zeitplan f\u00fcr die Fertigstellung der Ma\u00dfnahme<\/em> [Verlegung Haltestelle Staatsgalerie] s<em>teht auf extrem t\u00f6nernen F\u00fcssen, ist ma\u00dfgeblich vom Baufortschritt der Bahn mit dem Tiefbahnhofstrog abh\u00e4ngig und kann somit schnell zur Makkulatur werden. Die SSB betont zwar, dass Ihre geplante Bauzeit von 4,5 Jahren immer noch als Gesamtbauzeit G\u00fcltigkeit habe, weisst aber gleichzeitig auf die Risiken wegen den Abh\u00e4ngigkeiten zu den S21 Bauarbeiten hin. Termine werden nur sehr z\u00f6gerlicher und unter Vorbehalt kommuniziert. Verbindlich will man sich schon gar nicht \u00e4ussern. Vertrauen zum Umsetzungs-Partner Bahn sieht wohl anders aus.<\/em><\/p>\n<p><em>Die SSB begr\u00fcndet die Fehlannahme, dass die Linienunterbrechung w\u00e4hrend der Bauzeit von urspr\u00fcnglich 14 Tagen\u00a0(festgeschrieben in den Planfeststellungsunterlagen) auf nun 3 Jahre angewachsen ist, mit der schlechten Planung der Bahn AG. Wenn man dieser Begr\u00fcndung folgt, stellt sich allerdings die Frage, wieso man diese nicht ganz so kleine Nebens\u00e4chlichkeit der SSB geradezu aus der Nase ziehen musste, und wieso die \u00d6ffentlichkeit nicht schon viel fr\u00fcher dar\u00fcber informiert wurde&#8230;&#8220;<\/em><\/p>\n","protected":false},"excerpt":{"rendered":"<p>Cam21 hat einen lesenswerten Kommentar (hier) zur gestrigen Bezirksbeiratsitzung in Bad Cannstatt ver\u00f6ffentlicht, auf der Vertreter der SSB \u00fcber die Auswirkungen der Streckenunterbrechungen durch den Umbau der Haltestelle Staatsgalerie auf den Stadtbezirk informieren sollten. Ein Auszug daraus: &#8222;Der Zeitplan f\u00fcr &hellip; <a href=\"https:\/\/netzwerke-21.de\/?p=8820\">Weiterlesen <span class=\"meta-nav\">&rarr;<\/span><\/a><\/p>\n","protected":false},"author":6,"featured_media":0,"comment_status":"closed","ping_status":"closed","sticky":false,"template":"","format":"standard","meta":{"footnotes":""},"categories":[83,48,8,21,11,26,10,53],"tags":[],"class_list":["post-8820","post","type-post","status-publish","format-standard","hentry","category-anwohnerveranstaltung","category-bad-cannstatt","category-bauarbeiten","category-kernerviertel","category-ssb","category-stadt-stuttgart","category-veranstaltungen","category-zeitplan"],"_links":{"self":[{"href":"https:\/\/netzwerke-21.de\/index.php?rest_route=\/wp\/v2\/posts\/8820","targetHints":{"allow":["GET"]}}],"collection":[{"href":"https:\/\/netzwerke-21.de\/index.php?rest_route=\/wp\/v2\/posts"}],"about":[{"href":"https:\/\/netzwerke-21.de\/index.php?rest_route=\/wp\/v2\/types\/post"}],"author":[{"embeddable":true,"href":"https:\/\/netzwerke-21.de\/index.php?rest_route=\/wp\/v2\/users\/6"}],"replies":[{"embeddable":true,"href":"https:\/\/netzwerke-21.de\/index.php?rest_route=%2Fwp%2Fv2%2Fcomments&post=8820"}],"version-history":[{"count":7,"href":"https:\/\/netzwerke-21.de\/index.php?rest_route=\/wp\/v2\/posts\/8820\/revisions"}],"predecessor-version":[{"id":26554,"href":"https:\/\/netzwerke-21.de\/index.php?rest_route=\/wp\/v2\/posts\/8820\/revisions\/26554"}],"wp:attachment":[{"href":"https:\/\/netzwerke-21.de\/index.php?rest_route=%2Fwp%2Fv2%2Fmedia&parent=8820"}],"wp:term":[{"taxonomy":"category","embeddable":true,"href":"https:\/\/netzwerke-21.de\/index.php?rest_route=%2Fwp%2Fv2%2Fcategories&post=8820"},{"taxonomy":"post_tag","embeddable":true,"href":"https:\/\/netzwerke-21.de\/index.php?rest_route=%2Fwp%2Fv2%2Ftags&post=8820"}],"curies":[{"name":"wp","href":"https:\/\/api.w.org\/{rel}","templated":true}]}}