{"id":7947,"date":"2015-03-25T23:17:12","date_gmt":"2015-03-25T21:17:12","guid":{"rendered":"http:\/\/netzwerke-21.de\/?p=7947"},"modified":"2017-12-08T00:34:34","modified_gmt":"2017-12-07T22:34:34","slug":"stuttgart-21-ein-ruecksichtsvolles-baustellenkonzept","status":"publish","type":"post","link":"https:\/\/netzwerke-21.de\/?p=7947","title":{"rendered":"Stuttgart 21-  Ein r\u00fccksichtsvolles Baustellenkonzept ?"},"content":{"rendered":"<p>Die Stuttgarter Nachrichten berichteten in ihrer heutigen Ausgabe (<a title=\"StN Im Sommer rollen Lkw \u00fcber Stuttgarts Stra\u00dfen\" href=\"http:\/\/www.stuttgarter-nachrichten.de\/inhalt.stuttgart-21-im-sommer-rollen-lkw-ueber-stuttgarts-strassen.74510a7e-58b9-4a83-be21-5148ea879a21.html\" target=\"_blank\" rel=\"noopener noreferrer\">hier<\/a>) \u00fcber die gestrige Sitzung des Umwelt- und Technikausschusses des Gemeinderates, in der der Leiter der Technischen Fachdienste, Dr. Florian Bitzer, den Sachstand der Baulogistikstra\u00dfen vorstellte. Die Folien seines Vortrages, in dem es neben dem Zeitplan auch um die Umsetzung von L\u00e4rmschutzma\u00dfnahmen ging, finden Sie <a title=\"Sachstandsbericht Baustra\u00dfensystem (UTA)\" href=\"http:\/\/www.bahnprojekt-stuttgart-ulm.de\/no_cache\/mediathek\/detail\/media\/sachstandsbericht-baustrassensystem-uta\/mediaParameter\/show\/Medium\/\" target=\"_blank\" rel=\"noopener noreferrer\">hier<\/a>.<\/p>\n<p>Die Baulogistikstra\u00dfen, <a title=\"Planfeststellung nicht umgesetzt: Nordlichter schreiben an das EBA wegen Baustra\u00dfen und Schallschutz\" href=\"http:\/\/netzwerke-21.de\/?p=7313\" target=\"_blank\" rel=\"noopener noreferrer\">die von der Bahn bereits seit Jahren angek\u00fcndigt wurden<\/a>, sollen jetzt doch Ende M\u00e4rz in Betrieb gehen. Allerdings mussten die Vertreter der Bahn einr\u00e4umen, dass weiterhin aus Kapazit\u00e4tsgr\u00fcnden 250 Lkw-Leerfahrten \u00fcber die Heilbronner- und Wolframstra\u00dfe gelenkt werden. Diese Information traf nicht nur bei den Gr\u00fcnen im Ausschuss, sondern auch bei der SPD auf Kritik. Zu Recht, denn die Bahn hatte in den vergangenen Jahren immer wieder damit geworben, dass die Bev\u00f6lkerung durch das geplante &#8222;<em>ausgekl\u00fcgelte&#8220;<\/em> Baulogistikkonzept weitestgehend verschont werden soll.<\/p>\n<p>So versprach die Bahn beispielsweise in der vor der Volksabstimmung verteilten Werbebrosch\u00fcre der Bahn (<a href=\"http:\/\/www.bahnprojekt-stuttgart-ulm.de\/uploads\/tx_smediamediathek\/201110-21_gute_Gruende.pdf\" target=\"_blank\" rel=\"noopener noreferrer\">hier<\/a>) auf Seite 19 ein &#8222;<em>r\u00fccksichtsvolles Baustellenkonzept<\/em>&#8220; mit dem An- und Abtransport des Baumaterials und des Aushubs \u00fcber ein gesondertes Baustellenstra\u00dfennetz und der Schiene. Von der Nutzung des \u00f6ffentlichen Stra\u00dfennetzes war keine Rede:<\/p>\n<p><img loading=\"lazy\" decoding=\"async\" src=\"http:\/\/netzwerke-21.de\/wordpress\/wp-content\/uploads\/Ein-r%C3%BCcksichtsvolles-Baustellenkonzept-1024x494.jpg\" alt=\"\" width=\"710\" height=\"342\" \/><\/p>\n<p>Auch Anfang 2011, als der Auftrag zur Erstellung der Baulogistikstra\u00dfen vergeben wurde, hie\u00df es in einer <a title=\"Bahn vergibt ersten Auftrag f\u00fcr die Infrastruktur der zentralen Baulogistik Baustra\u00df en auf Bahngebiet entlasten innerst\u00e4dtisches Verkehrsnetz\" href=\"http:\/\/www.bahnprojekt-stuttgart-ulm.de\/uploads\/tx_smedianews\/20100224-Bahn_vergibt_ersten_Auftrag_fuer_die_Infrastruktur_der_zentralen_Baulogistik.pdf\" target=\"_blank\" rel=\"noopener noreferrer\">Pressemitteilung des Kommunikationsb\u00fcros<\/a> : &#8222;<em>Das ma\u00dfgeschneiderte Logistikkonzept von Stuttgart 21 sieht eine zentrale Baulogistik f\u00fcr die insgesamt vier innerst\u00e4dtischen Planfeststellungsabschnitte von Stuttgart 21 vor. Mit dieser Konzentration auf ein gemeinsames Logistikzentrum wird ein reibungsloser Weitertransport der Massen sichergestellt. Sowohl die Belastungen des \u00f6ffentlichen Stra\u00dfenverkehrs insbesondere in der Stuttgarter Innenstadt als auch entstehende Emissionen durch die Baulogistik k\u00f6nnen damit minimiert werden. Ca. 1 Million cbm Baustoffe und rund 4 Millionen cbm Gestein und Erde werden \u00fcber die Baustra\u00dfen zum Nordbahnhof gefahren.&#8220;<\/em><\/p>\n<p>Die Realit\u00e4t sieht allerdings anders aus. Neben den jetzt einger\u00e4umten t\u00e4glichen 250 Lkw-Leerfahrten\u00a0 werden zahllose Hin- und R\u00fcckfahrten zur Anlieferung des Baumaterials f\u00fcr den Trogbau und die Herstellung der Tunnel am Nord- und S\u00fcdkopf \u00fcber ohnehin das belastete \u00f6ffentliche Stra\u00dfennetz der Innenstadt erfolgen. Die Bewohner des Nordbahnhofviertels erleben dies bereits mit den Betonanlieferungen per Lkw durch die Wohngebiete \u00fcber die Nordbahnhof-, Eckart-, Otto Umfrid- und Rosensteinstra\u00dfe.<\/p>\n<p>Auch das Kernerviertel ist betroffen. Das F\u00f6rderband, das <a href=\"http:\/\/netzwerke-21.de\/wordpress\/wp-content\/uploads\/Netzwerk-Kernerviertel-Fragen-+-Antworten-zur-Anwohnerveranstaltung-2.April_1.pdf\" target=\"_blank\" rel=\"noopener noreferrer\">eigentlich zum Endes des 2.Quartals 2014 in Betrieb gehen sollte, <\/a>dann <a title=\"Ingenieure22: Bahn setzt nicht genehmigtes F\u00f6rderband ein\" href=\"http:\/\/netzwerke-21.de\/?p=3721\" target=\"_blank\" rel=\"noopener noreferrer\">im August 2014 von der Rettungszufahrt quer \u00fcber die B14 aufgebau<\/a>t und sowie <a title=\"Kernerviertel: Bahn testet bis Freitag abend F\u00f6rderband\" href=\"http:\/\/netzwerke-21.de\/?p=6530\" target=\"_blank\" rel=\"noopener noreferrer\">im Januar auch auf die L\u00e4rmbelastung hin getestet<\/a> wurde, ist bis heute nicht im Einsatz. Die Anlieferung des Baumaterials und der Abtransport des Aushubs erfolgt weiterhin Tag und Nacht per Lkws. Auch nach der Fertigstellung der Baulogistikstra\u00dfen ist der Abtransport des Aushubs aus dem Tunnelvortrieb an der Rettungszufahrt per F\u00f6rderband nicht m\u00f6glich. Der Grund daf\u00fcr sind Felsbrocken, die in dieser Gr\u00f6\u00dfe nicht per F\u00f6rderband transportiert werden k\u00f6nnen.\u00a0 Um diese auf ein transportables Ma\u00df zu verkleinern, m\u00fcsste ein Steinbrecher vorinstalliert werden, von dem jedoch weder im <a href=\"http:\/\/www.bahnprojekt-stuttgart-ulm.de\/details\/s21-neuordnung-bahnknoten-stuttgart\/die-bauabschnitte-pfa\/fildertunnel\/\" target=\"_blank\" rel=\"noopener noreferrer\">Planfeststellungsbescheid des PFA 1.2<\/a>. noch in der <a title=\"Immissionen - Detailgutachten: Schall\" href=\"http:\/\/www.bahnprojekt-stuttgart-ulm.de\/no_cache\/mediathek\/detail\/media\/immissionen-detailgutachten-schall\/mediaParameter\/show\/Medium\/\" target=\"_blank\" rel=\"noopener noreferrer\">L\u00e4rmprognose des schalltechnischen Detailgutachtens vom 11.12.2014<\/a> die Rede war.<\/p>\n<p>Zwei Videos, die Frank Schweizer nachts um drei Uhr gedreht hatte, nachdem ihn wieder die Verladung der Felsbrocken auf Lkws und das n\u00e4chtliche (!) K\u00e4rchern einer Baumaschine\u00a0 aus dem Schlaf\u00a0 gerissen hatten, verdeutlichen dies :<\/p>\n<div style=\"width: 640px;\" class=\"wp-video\"><!--[if lt IE 9]><script>document.createElement('video');<\/script><![endif]-->\n<video class=\"wp-video-shortcode\" id=\"video-7947-1\" width=\"640\" height=\"480\" preload=\"metadata\" controls=\"controls\"><source type=\"video\/mp4\" src=\"http:\/\/netzwerke-21.de\/wordpress\/wp-content\/uploads\/Beladen-150302-4-00-Uhr1.mp4?_=1\" \/><a href=\"http:\/\/netzwerke-21.de\/wordpress\/wp-content\/uploads\/Beladen-150302-4-00-Uhr1.mp4\">http:\/\/netzwerke-21.de\/wordpress\/wp-content\/uploads\/Beladen-150302-4-00-Uhr1.mp4<\/a><\/video><\/div>\n<div style=\"width: 640px;\" class=\"wp-video\"><video class=\"wp-video-shortcode\" id=\"video-7947-2\" width=\"640\" height=\"480\" preload=\"metadata\" controls=\"controls\"><source type=\"video\/mp4\" src=\"http:\/\/netzwerke-21.de\/wordpress\/wp-content\/uploads\/K\u00e4rcher-150302-4-00-Uhr.mp4?_=2\" \/><a href=\"http:\/\/netzwerke-21.de\/wordpress\/wp-content\/uploads\/K\u00e4rcher-150302-4-00-Uhr.mp4\">http:\/\/netzwerke-21.de\/wordpress\/wp-content\/uploads\/K\u00e4rcher-150302-4-00-Uhr.mp4<\/a><\/video><\/div>\n<p>&nbsp;<\/p>\n","protected":false},"excerpt":{"rendered":"<p>Die Stuttgarter Nachrichten berichteten in ihrer heutigen Ausgabe (hier) \u00fcber die gestrige Sitzung des Umwelt- und Technikausschusses des Gemeinderates, in der der Leiter der Technischen Fachdienste, Dr. Florian Bitzer, den Sachstand der Baulogistikstra\u00dfen vorstellte. Die Folien seines Vortrages, in dem &hellip; <a href=\"https:\/\/netzwerke-21.de\/?p=7947\">Weiterlesen <span class=\"meta-nav\">&rarr;<\/span><\/a><\/p>\n","protected":false},"author":6,"featured_media":0,"comment_status":"closed","ping_status":"closed","sticky":false,"template":"","format":"standard","meta":{"footnotes":""},"categories":[83,8,28,41,21,20,13,43,34,26,10,53],"tags":[],"class_list":["post-7947","post","type-post","status-publish","format-standard","hentry","category-anwohnerveranstaltung","category-bauarbeiten","category-bauinfo-kommunikationsbuero","category-baulogistik","category-kernerviertel","category-killesberg","category-laerm","category-nordbahnhofviertel","category-planfeststellung","category-stadt-stuttgart","category-veranstaltungen","category-zeitplan"],"_links":{"self":[{"href":"https:\/\/netzwerke-21.de\/index.php?rest_route=\/wp\/v2\/posts\/7947","targetHints":{"allow":["GET"]}}],"collection":[{"href":"https:\/\/netzwerke-21.de\/index.php?rest_route=\/wp\/v2\/posts"}],"about":[{"href":"https:\/\/netzwerke-21.de\/index.php?rest_route=\/wp\/v2\/types\/post"}],"author":[{"embeddable":true,"href":"https:\/\/netzwerke-21.de\/index.php?rest_route=\/wp\/v2\/users\/6"}],"replies":[{"embeddable":true,"href":"https:\/\/netzwerke-21.de\/index.php?rest_route=%2Fwp%2Fv2%2Fcomments&post=7947"}],"version-history":[{"count":43,"href":"https:\/\/netzwerke-21.de\/index.php?rest_route=\/wp\/v2\/posts\/7947\/revisions"}],"predecessor-version":[{"id":26582,"href":"https:\/\/netzwerke-21.de\/index.php?rest_route=\/wp\/v2\/posts\/7947\/revisions\/26582"}],"wp:attachment":[{"href":"https:\/\/netzwerke-21.de\/index.php?rest_route=%2Fwp%2Fv2%2Fmedia&parent=7947"}],"wp:term":[{"taxonomy":"category","embeddable":true,"href":"https:\/\/netzwerke-21.de\/index.php?rest_route=%2Fwp%2Fv2%2Fcategories&post=7947"},{"taxonomy":"post_tag","embeddable":true,"href":"https:\/\/netzwerke-21.de\/index.php?rest_route=%2Fwp%2Fv2%2Ftags&post=7947"}],"curies":[{"name":"wp","href":"https:\/\/api.w.org\/{rel}","templated":true}]}}