{"id":7901,"date":"2015-03-19T01:10:48","date_gmt":"2015-03-18T23:10:48","guid":{"rendered":"http:\/\/netzwerke-21.de\/?p=7901"},"modified":"2015-10-02T17:43:51","modified_gmt":"2015-10-02T15:43:51","slug":"stn-20-meter-pfaehle-fuer-stadtbahnhalt","status":"publish","type":"post","link":"https:\/\/netzwerke-21.de\/?p=7901","title":{"rendered":"StN: 20-Meter-Pf\u00e4hle f\u00fcr Stadtbahnhalt"},"content":{"rendered":"<p>Die Stuttgarter Nachrichten berichteten in ihrer gestrigen Ausgabe (<a title=\"20-Meter-Pf\u00e4hle f\u00fcr Stadtbahnhalt\" href=\"http:\/\/www.stuttgarter-nachrichten.de\/inhalt.stadtbahnbau-20-meter-pfaehle-fuer-stadtbahnhalt.c0421a30-c983-4e06-a0d0-bcde32853b08.html\" target=\"_blank\">hier<\/a>) \u00fcber die anstehenden Bauma\u00dfnahmen der SSB zum Bau der neuen Haltestelle Staatsgalerie. <a title=\"Start der Vorbereitungsarbeiten zur Verlegung der SSB-Haltestelle Staatsgalerie \u2013 Bauverz\u00f6gerungen absehbar\" href=\"http:\/\/netzwerke-21.de\/?p=4988\" target=\"_blank\">Im April soll der verlegte Kanal<\/a> an den Nesenbachd\u00fcker angeschlossen werden. Im M\u00e4rz soll bereits mit den Sicherungsw\u00e4nden f\u00fcr die 150 Meter lange Baugrube der sp\u00e4teren Haltestelle Staatsgalerie begonnen werden. F\u00fcr die W\u00e4nde m\u00fcssen acht bis zwanzig Meter lange Bohrl\u00f6cher f\u00fcr die Gr\u00fcndungspf\u00e4hle in den Boden getrieben werden &#8211; wobei die StN anscheinend gro\u00dfz\u00fcgig abrundet, denn die SSB schreibt in einer aktuellen <a title=\"PM der SSB\" href=\"http:\/\/netzwerke-21.de\/wordpress\/wp-content\/uploads\/PM_SSB_staatsgalerie_20150317.pdf\">Pressemitteilung<\/a> (online nicht unter den PMs der SSB zu finden) sogar von bis zu 23 Meter tiefen Bohrpf\u00e4hlen.<\/p>\n<p>Mittlerweile hat sich auch der Zeitplan der SSB-Bauarbeiten, die vom Baufortschritt der Bahn abh\u00e4ngig sind, verschoben. Im Januar 2014 hie\u00df es noch in einem StZ-Artikel (<a title=\"Bahn erzwingt neue Baupl\u00e4ne von SSB\" href=\"http:\/\/www.stuttgarter-zeitung.de\/inhalt.stadtbahn-haltestelle-staatsgalerie-bahn-erzwingt-neue-bauplaene-von-ssb.2f23792a-6e5a-490c-bf2c-cf8a577c0f68.html\" target=\"_blank\">hier<\/a>), dass die ersten Stadtbahnen 2017 durch die neue Haltestelle fahren sollen. Jetzt ist in einem <a href=\"http:\/\/netzwerke-21.de\/wordpress\/wp-content\/uploads\/2015_03_18_staatsgalerie_stz.pdf\">StZ-Artikel<\/a> (ebenfalls nicht online ver\u00f6ffentlicht) bereits von 2018 die Rede. \u00dcber die Abh\u00e4ngigkeiten der SSB-Bauarbeiten von denen der Kanal- und Trogbauarbeiten der Bahn haben wir in unserem Beitrag <a href=\"http:\/\/netzwerke-21.de\/?p=4988\" target=\"_blank\">Start der Vorbereitungsarbeiten zur Verlegung der SSB-Haltestelle Staatsgalerie \u2013 Bauverz\u00f6gerungen absehbar<\/a> berichtet.<\/p>\n","protected":false},"excerpt":{"rendered":"<p>Die Stuttgarter Nachrichten berichteten in ihrer gestrigen Ausgabe (hier) \u00fcber die anstehenden Bauma\u00dfnahmen der SSB zum Bau der neuen Haltestelle Staatsgalerie. Im April soll der verlegte Kanal an den Nesenbachd\u00fcker angeschlossen werden. Im M\u00e4rz soll bereits mit den Sicherungsw\u00e4nden f\u00fcr &hellip; <a href=\"https:\/\/netzwerke-21.de\/?p=7901\">Weiterlesen <span class=\"meta-nav\">&rarr;<\/span><\/a><\/p>\n","protected":false},"author":6,"featured_media":0,"comment_status":"closed","ping_status":"closed","sticky":false,"template":"","format":"standard","meta":{"footnotes":""},"categories":[8,71,21,13,60,11],"tags":[],"class_list":["post-7901","post","type-post","status-publish","format-standard","hentry","category-bauarbeiten","category-baufortschritt","category-kernerviertel","category-laerm","category-nesenbachdueker","category-ssb"],"_links":{"self":[{"href":"https:\/\/netzwerke-21.de\/index.php?rest_route=\/wp\/v2\/posts\/7901","targetHints":{"allow":["GET"]}}],"collection":[{"href":"https:\/\/netzwerke-21.de\/index.php?rest_route=\/wp\/v2\/posts"}],"about":[{"href":"https:\/\/netzwerke-21.de\/index.php?rest_route=\/wp\/v2\/types\/post"}],"author":[{"embeddable":true,"href":"https:\/\/netzwerke-21.de\/index.php?rest_route=\/wp\/v2\/users\/6"}],"replies":[{"embeddable":true,"href":"https:\/\/netzwerke-21.de\/index.php?rest_route=%2Fwp%2Fv2%2Fcomments&post=7901"}],"version-history":[{"count":8,"href":"https:\/\/netzwerke-21.de\/index.php?rest_route=\/wp\/v2\/posts\/7901\/revisions"}],"predecessor-version":[{"id":7919,"href":"https:\/\/netzwerke-21.de\/index.php?rest_route=\/wp\/v2\/posts\/7901\/revisions\/7919"}],"wp:attachment":[{"href":"https:\/\/netzwerke-21.de\/index.php?rest_route=%2Fwp%2Fv2%2Fmedia&parent=7901"}],"wp:term":[{"taxonomy":"category","embeddable":true,"href":"https:\/\/netzwerke-21.de\/index.php?rest_route=%2Fwp%2Fv2%2Fcategories&post=7901"},{"taxonomy":"post_tag","embeddable":true,"href":"https:\/\/netzwerke-21.de\/index.php?rest_route=%2Fwp%2Fv2%2Ftags&post=7901"}],"curies":[{"name":"wp","href":"https:\/\/api.w.org\/{rel}","templated":true}]}}