{"id":7602,"date":"2015-03-10T19:59:25","date_gmt":"2015-03-10T17:59:25","guid":{"rendered":"http:\/\/netzwerke-21.de\/?p=7602"},"modified":"2015-06-16T23:46:00","modified_gmt":"2015-06-16T21:46:00","slug":"stz-neue-laufwege-entlang-der-trogbaustelle","status":"publish","type":"post","link":"https:\/\/netzwerke-21.de\/?p=7602","title":{"rendered":"StZ: Neue Laufwege entlang der Trogbaustelle geplant"},"content":{"rendered":"<p>Die Stuttgarter Zeitung berichtet heute (<a title=\"Auf und Ab an der Baugrube\" href=\"http:\/\/www.stuttgarter-zeitung.de\/inhalt.stuttgart-21-auf-und-ab-an-der-baugrube.f8260d72-e92b-4dd1-ae24-7c0309213b85.html\" target=\"_blank\">hier<\/a>) \u00fcber die geplante neue Wegef\u00fchrung f\u00fcr die Fu\u00dfg\u00e4nger entlang der Baubrache im ehemaligen mittleren Schlo\u00dfgarten. Derzeit laufen die Bauarbeiten an zwei neuen Wegerampen f\u00fcr die Fu\u00dfg\u00e4nger und Fahradfahrer \u00fcber den geplanten Baulogistikstra\u00dfen. Der direkte Fu\u00dfweg zwischen Haltestelle Staatsgalerie und Hauptbahnhof soll dann entfallen; deutliche Umwege m\u00fcssen in Kauf genommen werden. Die neue Wegef\u00fchrung wird u.a. wegen des Baus des Nesenbachd\u00fckers erforderlich, wenn\u00a0 &#8211; so die StZ- &#8222;<em>die Deutsche Bahn ihre Arbeiten am neuen Durchgangsbahnhof f\u00fcr Stuttgart\u2009 21\u00a0 im Mittleren Schlo\u00dfgarten intensiviert und nicht mehr wie bisher auf Sparflamme betreibt&#8220;.\u00a0 <\/em>Allerdings kann das Kommunikationsb\u00fcro noch keinen Termin f\u00fcr die Inbetriebnahme der neuen Wegef\u00fchrung nennen. Die Ver\u00f6ffentlichung eines neuen Bauzeitenplans ist vorgesehen.<\/p>\n<p>Deutlicher wird das &#8222;Auf und Ab&#8220; bzw. die Entflechtung zwischen Fu\u00dfg\u00e4ngerwegen und dem Baustellenbetrieb in dem Schaubild der Pr\u00e4sentation (<a title=\"Bahn informiert Bezirksbeirat Mitte der Landeshauptstadt Stuttgart\" href=\"http:\/\/www.bahnprojekt-stuttgart-ulm.de\/no_cache\/mediathek\/detail\/media\/bahn-informiert-bezirksbeirat-mitte-der-landeshauptstadt-stuttgart\/\" target=\"_blank\">hier<\/a>), die Vertreter der Bahn vor genau vor 2 Jahren am 11. M\u00e4rz 2013 im Bezirksbeirat Mitte und dann nochmals im November auf der Anwohnerveranstaltung im Rathaus (<a href=\"http:\/\/www.bahnprojekt-stuttgart-ulm.de\/no_cache\/mediathek\/detail\/media\/baumassnahmen-im-bereich-kernerviertel\/\" target=\"_blank\">hier<\/a>) vorstellten:<\/p>\n<p><img loading=\"lazy\" decoding=\"async\" alt=\"\" src=\"http:\/\/netzwerke-21.de\/wordpress\/wp-content\/uploads\/Wegef%C3%BChrung-Baustelle-MS.jpg\" width=\"645\" height=\"447\" \/><\/p>\n<p>Damals sollten diese Vorbereitungsarbeiten der Phase 1 bereits in 2013 (!) anlaufen.\u00a0 Doch mehrj\u00e4hrige Verz\u00f6gerungen sind mittlerweile nichts Au\u00dfergew\u00f6hnliches bei Stuttgart 21. Man\u00a0 denke nur an den immer wieder angek\u00fcndigten Baustart des Nesenbachd\u00fckers, des Trogbaus oder die Fertigstellung der Baulogistikstra\u00dfen. Nur an einem Termin, n\u00e4mlich an der Inbetriebnahme des &#8222;Tiefbahnhofs&#8220; Ende 2021, h\u00e4lt die Bahn weiterhin fest.<\/p>\n","protected":false},"excerpt":{"rendered":"<p>Die Stuttgarter Zeitung berichtet heute (hier) \u00fcber die geplante neue Wegef\u00fchrung f\u00fcr die Fu\u00dfg\u00e4nger entlang der Baubrache im ehemaligen mittleren Schlo\u00dfgarten. Derzeit laufen die Bauarbeiten an zwei neuen Wegerampen f\u00fcr die Fu\u00dfg\u00e4nger und Fahradfahrer \u00fcber den geplanten Baulogistikstra\u00dfen. Der direkte &hellip; <a href=\"https:\/\/netzwerke-21.de\/?p=7602\">Weiterlesen <span class=\"meta-nav\">&rarr;<\/span><\/a><\/p>\n","protected":false},"author":6,"featured_media":0,"comment_status":"closed","ping_status":"closed","sticky":false,"template":"","format":"standard","meta":{"footnotes":""},"categories":[8,28,41,50,21,60,58,24],"tags":[],"class_list":["post-7602","post","type-post","status-publish","format-standard","hentry","category-bauarbeiten","category-bauinfo-kommunikationsbuero","category-baulogistik","category-fusswege","category-kernerviertel","category-nesenbachdueker","category-tiefbahnhof","category-verkehr"],"_links":{"self":[{"href":"https:\/\/netzwerke-21.de\/index.php?rest_route=\/wp\/v2\/posts\/7602","targetHints":{"allow":["GET"]}}],"collection":[{"href":"https:\/\/netzwerke-21.de\/index.php?rest_route=\/wp\/v2\/posts"}],"about":[{"href":"https:\/\/netzwerke-21.de\/index.php?rest_route=\/wp\/v2\/types\/post"}],"author":[{"embeddable":true,"href":"https:\/\/netzwerke-21.de\/index.php?rest_route=\/wp\/v2\/users\/6"}],"replies":[{"embeddable":true,"href":"https:\/\/netzwerke-21.de\/index.php?rest_route=%2Fwp%2Fv2%2Fcomments&post=7602"}],"version-history":[{"count":24,"href":"https:\/\/netzwerke-21.de\/index.php?rest_route=\/wp\/v2\/posts\/7602\/revisions"}],"predecessor-version":[{"id":7627,"href":"https:\/\/netzwerke-21.de\/index.php?rest_route=\/wp\/v2\/posts\/7602\/revisions\/7627"}],"wp:attachment":[{"href":"https:\/\/netzwerke-21.de\/index.php?rest_route=%2Fwp%2Fv2%2Fmedia&parent=7602"}],"wp:term":[{"taxonomy":"category","embeddable":true,"href":"https:\/\/netzwerke-21.de\/index.php?rest_route=%2Fwp%2Fv2%2Fcategories&post=7602"},{"taxonomy":"post_tag","embeddable":true,"href":"https:\/\/netzwerke-21.de\/index.php?rest_route=%2Fwp%2Fv2%2Ftags&post=7602"}],"curies":[{"name":"wp","href":"https:\/\/api.w.org\/{rel}","templated":true}]}}