{"id":7571,"date":"2015-03-08T22:16:32","date_gmt":"2015-03-08T20:16:32","guid":{"rendered":"http:\/\/netzwerke-21.de\/?p=7571"},"modified":"2016-03-02T02:03:17","modified_gmt":"2016-03-02T00:03:17","slug":"stn-neustart-fuer-den-untertuerkheimer-abstellbahnhof","status":"publish","type":"post","link":"https:\/\/netzwerke-21.de\/?p=7571","title":{"rendered":"StN: Neustart f\u00fcr den Untert\u00fcrkheimer Abstellbahnhof"},"content":{"rendered":"<p>Die Stuttgarter Nachrichten berichtete in ihrer gestrigen Ausgabe (<a title=\"StN Neustart f\u00fcr Abstellbahnhof\" href=\"http:\/\/www.stuttgarter-nachrichten.de\/inhalt.stuttgart-21-neustart-fuer-abstellbahnhof.a2ed3026-a480-42b6-bc2f-4857759bde47.html\" target=\"_blank\">hier)<\/a>, dass das Eisenbahn-Bundesamt das vor sechs Jahren eingereichte Planfeststellungsverfahren f\u00fcr den bei Stuttgart 21 vorgesehenen Abstellbahnhof in Untert\u00fcrkheim eingestellt hat. Die Bahn plant laut <a href=\"http:\/\/www.stuttgarter-zeitung.de\/inhalt.stuttgart-21-bahn-praesentiert-neue-plaene-fuer-abstellbahnhof.0c531f0b-d909-4c59-8a8b-d254aa09adce.html\" target=\"_blank\">StZ-Bericht <\/a>den Abstellbahnhof in Untert\u00fcrkheim neu. Abstellgleise in den Stadtteilen Stuttgart- M\u00fcnster und Obert\u00fcrkheim sollen ebenfalls genutzt werden.<\/p>\n<p>Das neue Planfeststellungsverfahren f\u00fcr den Abschnitt des PFA 1.6b ist weder angelaufen, noch \u00f6ffentlich im Hinblick auf die Belange der Anwohner er\u00f6rtert worden, noch eine Genehmigung in Sicht. Dennoch wurden bereits Anfang Februar von Seiten der Bahn interessierten Firmen Informationen (<a href=\"http:\/\/netzwerke-21.de\/wordpress\/wp-content\/uploads\/20150203-Ausstehende_Vergaben-PFA_1_6b1.pdf\" target=\"_blank\">Folien DB<\/a>) zu den geplanten Bauarbeiten bzw. ausstehenden Vergaben in diesem Abschnitt pr\u00e4sentiert. Urs\u00e4chlich ist der knappe Zeitplan der Bahn, der als Starttermin f\u00fcr die vierj\u00e4hrigen Arbeiten bereits das 1.Quartal 2017 vorsieht.<\/p>\n","protected":false},"excerpt":{"rendered":"<p>Die Stuttgarter Nachrichten berichtete in ihrer gestrigen Ausgabe (hier), dass das Eisenbahn-Bundesamt das vor sechs Jahren eingereichte Planfeststellungsverfahren f\u00fcr den bei Stuttgart 21 vorgesehenen Abstellbahnhof in Untert\u00fcrkheim eingestellt hat. Die Bahn plant laut StZ-Bericht den Abstellbahnhof in Untert\u00fcrkheim neu. Abstellgleise &hellip; <a href=\"https:\/\/netzwerke-21.de\/?p=7571\">Weiterlesen <span class=\"meta-nav\">&rarr;<\/span><\/a><\/p>\n","protected":false},"author":6,"featured_media":0,"comment_status":"closed","ping_status":"closed","sticky":false,"template":"","format":"standard","meta":{"footnotes":""},"categories":[51,25,34,22,53],"tags":[],"class_list":["post-7571","post","type-post","status-publish","format-standard","hentry","category-muenster","category-obertuerkheim","category-planfeststellung","category-untertuerkheim","category-zeitplan"],"_links":{"self":[{"href":"https:\/\/netzwerke-21.de\/index.php?rest_route=\/wp\/v2\/posts\/7571","targetHints":{"allow":["GET"]}}],"collection":[{"href":"https:\/\/netzwerke-21.de\/index.php?rest_route=\/wp\/v2\/posts"}],"about":[{"href":"https:\/\/netzwerke-21.de\/index.php?rest_route=\/wp\/v2\/types\/post"}],"author":[{"embeddable":true,"href":"https:\/\/netzwerke-21.de\/index.php?rest_route=\/wp\/v2\/users\/6"}],"replies":[{"embeddable":true,"href":"https:\/\/netzwerke-21.de\/index.php?rest_route=%2Fwp%2Fv2%2Fcomments&post=7571"}],"version-history":[{"count":12,"href":"https:\/\/netzwerke-21.de\/index.php?rest_route=\/wp\/v2\/posts\/7571\/revisions"}],"predecessor-version":[{"id":15386,"href":"https:\/\/netzwerke-21.de\/index.php?rest_route=\/wp\/v2\/posts\/7571\/revisions\/15386"}],"wp:attachment":[{"href":"https:\/\/netzwerke-21.de\/index.php?rest_route=%2Fwp%2Fv2%2Fmedia&parent=7571"}],"wp:term":[{"taxonomy":"category","embeddable":true,"href":"https:\/\/netzwerke-21.de\/index.php?rest_route=%2Fwp%2Fv2%2Fcategories&post=7571"},{"taxonomy":"post_tag","embeddable":true,"href":"https:\/\/netzwerke-21.de\/index.php?rest_route=%2Fwp%2Fv2%2Ftags&post=7571"}],"curies":[{"name":"wp","href":"https:\/\/api.w.org\/{rel}","templated":true}]}}