{"id":729,"date":"2013-11-05T18:00:19","date_gmt":"2013-11-05T16:00:19","guid":{"rendered":"http:\/\/netzwerke-21.de\/?p=729"},"modified":"2014-01-24T12:45:04","modified_gmt":"2014-01-24T10:45:04","slug":"prof-dr-uwe-dreiss-auf-der-196-montagsdemo","status":"publish","type":"post","link":"https:\/\/netzwerke-21.de\/?p=729","title":{"rendered":"Prof. Dr. Uwe Dreiss auf der 196. Montagsdemo"},"content":{"rendered":"<p>Prof. Dr.Uwe Dreiss, aktiv beim Netzwerk Kernerviertel, den Juristen zu Stuttgart 21 und den Ingenieuren 22 sprach gestern auf der 196.Montagsdemo. Er berichtete u.a. \u00fcber das Vorgehen der Bahn gegen\u00fcber den vom Tunnelbau betroffenen Eigent\u00fcmern und \u00fcber die <a href=\"http:\/\/netzwerke-21.de\/wordpress\/wp-content\/uploads\/BW086.pdf\">aktuelle Verf\u00fcgung des Eisenbahnbundesamtes<\/a>, dass eine Umweltvertr\u00e4glichkeitspr\u00fcfung bei der Plan\u00e4nderung zum Grundwassermanagement nicht erforderlich sei. Risiken &#8211; so res\u00fcmmierte das EBA knapp\u00a0 &#8211; seien beispielsweise f\u00fcr die Hangstabilit\u00e4t und das Mineralwasser nicht gegeben. Prof. Dr. Dreiss fordert eine Fortsetzung der noch nicht abgeschlossenen offentlichen Er\u00f6rterung zum Grundwassermanagement. Sie finden hier das <a title=\"Video Prof.Dr.Uwe Dreiss auf der 196.Montagsdemo\" href=\"http:\/\/www.youtube.com\/watch?v=XO7ew-csIMg\">Video<\/a> und den <a href=\"http:\/\/netzwerke-21.de\/wordpress\/wp-content\/uploads\/UD-Rede-4.11.2013.doc\" target=\"_blank\">Text<\/a> seiner Rede.<\/p>\n","protected":false},"excerpt":{"rendered":"<p>Prof. Dr.Uwe Dreiss, aktiv beim Netzwerk Kernerviertel, den Juristen zu Stuttgart 21 und den Ingenieuren 22 sprach gestern auf der 196.Montagsdemo. Er berichtete u.a. \u00fcber das Vorgehen der Bahn gegen\u00fcber den vom Tunnelbau betroffenen Eigent\u00fcmern und \u00fcber die aktuelle Verf\u00fcgung &hellip; <a href=\"https:\/\/netzwerke-21.de\/?p=729\">Weiterlesen <span class=\"meta-nav\">&rarr;<\/span><\/a><\/p>\n","protected":false},"author":6,"featured_media":0,"comment_status":"closed","ping_status":"closed","sticky":false,"template":"","format":"standard","meta":{"footnotes":""},"categories":[19,31,23,12,6,21,4,10],"tags":[],"class_list":["post-729","post","type-post","status-publish","format-standard","hentry","category-demoreden-netzwerke","category-eisenbahn-bundesamt","category-eroerterung","category-gebaeuderisiken","category-grundwassermanagement","category-kernerviertel","category-unterfahrung","category-veranstaltungen"],"_links":{"self":[{"href":"https:\/\/netzwerke-21.de\/index.php?rest_route=\/wp\/v2\/posts\/729","targetHints":{"allow":["GET"]}}],"collection":[{"href":"https:\/\/netzwerke-21.de\/index.php?rest_route=\/wp\/v2\/posts"}],"about":[{"href":"https:\/\/netzwerke-21.de\/index.php?rest_route=\/wp\/v2\/types\/post"}],"author":[{"embeddable":true,"href":"https:\/\/netzwerke-21.de\/index.php?rest_route=\/wp\/v2\/users\/6"}],"replies":[{"embeddable":true,"href":"https:\/\/netzwerke-21.de\/index.php?rest_route=%2Fwp%2Fv2%2Fcomments&post=729"}],"version-history":[{"count":11,"href":"https:\/\/netzwerke-21.de\/index.php?rest_route=\/wp\/v2\/posts\/729\/revisions"}],"predecessor-version":[{"id":1905,"href":"https:\/\/netzwerke-21.de\/index.php?rest_route=\/wp\/v2\/posts\/729\/revisions\/1905"}],"wp:attachment":[{"href":"https:\/\/netzwerke-21.de\/index.php?rest_route=%2Fwp%2Fv2%2Fmedia&parent=729"}],"wp:term":[{"taxonomy":"category","embeddable":true,"href":"https:\/\/netzwerke-21.de\/index.php?rest_route=%2Fwp%2Fv2%2Fcategories&post=729"},{"taxonomy":"post_tag","embeddable":true,"href":"https:\/\/netzwerke-21.de\/index.php?rest_route=%2Fwp%2Fv2%2Ftags&post=729"}],"curies":[{"name":"wp","href":"https:\/\/api.w.org\/{rel}","templated":true}]}}