{"id":723,"date":"2013-11-04T22:25:42","date_gmt":"2013-11-04T20:25:42","guid":{"rendered":"http:\/\/netzwerke-21.de\/?p=723"},"modified":"2015-06-26T10:14:54","modified_gmt":"2015-06-26T08:14:54","slug":"tunnelanstich-in-wangen-eigentumsrechtliche-und-bautechnische-fragen-sind-nicht-geklaert","status":"publish","type":"post","link":"https:\/\/netzwerke-21.de\/?p=723","title":{"rendered":"Tunnelanstich in Wangen &#8211; eigentumsrechtliche und bautechnische Fragen sind nicht gekl\u00e4rt !"},"content":{"rendered":"<p><strong>Pressemitteilung:<\/strong> Die Bahn hat angek\u00fcndigt, dass bereits am 4.Dezember der Bau des Tunnels zwischen dem Hauptbahnhof und Obert\u00fcrkheim in Wangen starten soll. Das Netzwerk der von Stuttgart 21 betroffenen Eigent\u00fcmer in Wangen und Untert\u00fcrkheim hat sich daraufhin an das Eisenbahnbundesamt gewandt, da grundlegende eigentums-rechtliche und bautechnische Fragen zum Tunnelbau noch nicht gekl\u00e4rt sind.<\/p>\n<p><!--more--><\/p>\n<p>\u201e<em>Die Bahn will mit dem Tunnelbau in Wangen starten, obwohl die Unterfahrrechte mit den betroffenen Eigent\u00fcmern nicht vollst\u00e4ndig geregelt sind. Offensichtlich wird darauf gesetzt, dass nach dem Eisenbahngesetz eine vorzeitige Besitzeinweisung vom Regierungspr\u00e4sidium Stuttgart als Enteignungsbeh\u00f6rde verf\u00fcgt wird. Das ist nicht akzeptabel. Hier werden gegen\u00fcber den betroffenen Eigent\u00fcmern Tatsachen geschaffen, die erst im Nachhinein in langwierigen kostenintensiven Prozessen gekl\u00e4rt werden k\u00f6nnen.&#8220; <\/em>so Barbara Weber , Sprecherin des Netzwerks Wangen\/Untert\u00fcrkheim. <em>\u201eWir fordern das Eisenbahnbundesamt auf, als zust\u00e4ndige Gesamtaufsichtsbeh\u00f6rde f\u00fcr einen rechtsstaatlich geregelten Ablauf bei den Unterfahrrechten zu sorgen.\u201c<\/em><br \/>\nDas Netzwerk Wangen \/ Untert\u00fcrkheim weist auch daraufhin, dass daneben noch grund-s\u00e4tzliche bautechnische Fragen zum Tunnelbau offen sind. So muss das grundlegende Brandschutz- und Rettungskonzept f\u00fcr den Tiefbahnhof und die Tunnel aufgrund der Forderungen der Branddirektion Stuttgart noch \u00fcberarbeitet werden. Bauliche \u00c4nder- ungen sind daher nicht ausgeschlossen. Auch wurde die vom Landesamt f\u00fcr Geologie im Rahmen des Plan\u00e4nderungsverfahrens zum Grundwassermanagement aufgeworfene Frage, wie ein Tunnelvortrieb im quellf\u00e4higen Gestein ohne Verwendung von Wasser den Anforderungen des Arbeitsschutzes entsprechen soll, noch nicht gekl\u00e4rt. Die Bahn &#8211; so das Landesamt &#8211; muss sicherstellen, dass im Notfall ein Brandschutz f\u00fcr die Mineure gew\u00e4hrleistet ist und gleichzeitig ein Aufquellen vermieden werden kann.<\/p>\n<p><strong>Netzwerk Wangen \/ Untert\u00fcrkheim <\/strong>Kontakt: Barbara Weber<\/p>\n<p><span style=\"text-decoration: underline;\">Update:<\/span> Mittlerweile haben sich zahlreiche von der Untertunnelung betroffene Eigent\u00fcmer in Briefen kritisch an die Bezirksvorsteherin Frau Dietrich gewandt.<\/p>\n<p>Aktuelle Berichte\u00a0 zum Brandschutzkonzept und der Forderung des Landesamts f\u00fcr Geologie im Rahmen der Plan\u00e4nderung Grundwassermanagement finden Sie hier:<\/p>\n<p>StZ \/ 23.10.2013 \/ <strong><a href=\"http:\/\/www.stuttgarter-zeitung.de\/inhalt.stuttgart-21-brandschutz-bleibt-ein-heisses-eisen.c1d90970-3aa7-4bbd-ad50-8419062bbb6a.html\">Stuttgart 21: Brandschutz bleibt ein hei\u00dfes Eisen<\/a><\/strong><\/p>\n<p>StN \/ 23.10.2013 \/<strong> <a href=\"http:\/\/www.stuttgarter-nachrichten.de\/inhalt.stuttgart-21-feuerwehr-macht-bei-rettung-druck.5a0452db-ee0b-49fb-b353-c6f9d87e2b86.html\">Feuerwehr macht bei Rettung Druck<\/a><\/strong><\/p>\n<p>Kontext \/ 02.10.2013 \/ <a href=\"http:\/\/www.kontextwochenzeitung.de\/macht-markt\/131\/feuer-unterm-bahnhofsdach-1766.html\"><strong>Feuer unterm Bahnhofsdach<\/strong><\/a><\/p>\n<p>StZ \/ 19.09.2013 \/ <strong><a href=\"http:\/\/www.stuttgarter-zeitung.de\/inhalt.brandschutz-bei-stuttgart-21-brandschutzkonzept-erst-2014.d97db5a3-d507-4f83-97a8-cf005574cd9e.html\">Brandschutzkonzept erst 2014 <\/a><\/strong><\/p>\n<p>StZ \/ 08.09.2013 \/ <a href=\"http:\/\/www.stuttgarter-zeitung.de\/inhalt.grundwassermanagement-bei-stuttgart-21-wie-loescht-man-ohne-wasser.d71e84c0-6c35-4415-a943-1e7e94424354.html\"><strong>Grundwassermanagement bei Stuttgart 21 \u2013 Wie l\u00f6scht man ohne Wasser<\/strong><\/a><\/p>\n<p>StN \/ 07.08.2013 \/ <strong><a href=\"http:\/\/www.stuttgarter-nachrichten.de\/inhalt.brandschutz-bei-stuttgart-21-experte-raet-bahn-zu-teuren-nachbesserungen.1e8238bf-20d1-465e-8373-6352c6ac018b.html\">Experte r\u00e4t zu teuren Nachbesserungen<\/a> \/ <a href=\"http:\/\/www.stuttgarter-nachrichten.de\/inhalt.stuttgart-21-brandschutz-bei-s-21-blockiert-auch-tunnelbau.78b92e8c-6c11-4e13-b923-af4f2e4dda25.html\">Brandschutz blockiert auch Tunnelbau<\/a> \/ <\/strong><\/p>\n<p>StN \/ 06.08.2013 \/ <strong><a href=\"http:\/\/www.stuttgarter-nachrichten.de\/inhalt.stuttgart-21-fluchtweg-bei-s-21-auf-verrauchtes-dach.8c845096-bf72-402f-97eb-c99fda25d0e2.html\">Fluchtweg bei S21 auf verrauchtes Dach<\/a><\/strong><\/p>\n<p>&nbsp;<\/p>\n<p>&nbsp;<\/p>\n","protected":false},"excerpt":{"rendered":"<p>Pressemitteilung: Die Bahn hat angek\u00fcndigt, dass bereits am 4.Dezember der Bau des Tunnels zwischen dem Hauptbahnhof und Obert\u00fcrkheim in Wangen starten soll. Das Netzwerk der von Stuttgart 21 betroffenen Eigent\u00fcmer in Wangen und Untert\u00fcrkheim hat sich daraufhin an das Eisenbahnbundesamt &hellip; <a href=\"https:\/\/netzwerke-21.de\/?p=723\">Weiterlesen <span class=\"meta-nav\">&rarr;<\/span><\/a><\/p>\n","protected":false},"author":6,"featured_media":0,"comment_status":"closed","ping_status":"closed","sticky":false,"template":"","format":"standard","meta":{"footnotes":""},"categories":[8,31,17,4,22,57,30],"tags":[],"class_list":["post-723","post","type-post","status-publish","format-standard","hentry","category-bauarbeiten","category-eisenbahn-bundesamt","category-gestattungsvertraege","category-unterfahrung","category-untertuerkheim","category-vorzeitige-besitzeinweisung","category-wangen"],"_links":{"self":[{"href":"https:\/\/netzwerke-21.de\/index.php?rest_route=\/wp\/v2\/posts\/723","targetHints":{"allow":["GET"]}}],"collection":[{"href":"https:\/\/netzwerke-21.de\/index.php?rest_route=\/wp\/v2\/posts"}],"about":[{"href":"https:\/\/netzwerke-21.de\/index.php?rest_route=\/wp\/v2\/types\/post"}],"author":[{"embeddable":true,"href":"https:\/\/netzwerke-21.de\/index.php?rest_route=\/wp\/v2\/users\/6"}],"replies":[{"embeddable":true,"href":"https:\/\/netzwerke-21.de\/index.php?rest_route=%2Fwp%2Fv2%2Fcomments&post=723"}],"version-history":[{"count":7,"href":"https:\/\/netzwerke-21.de\/index.php?rest_route=\/wp\/v2\/posts\/723\/revisions"}],"predecessor-version":[{"id":762,"href":"https:\/\/netzwerke-21.de\/index.php?rest_route=\/wp\/v2\/posts\/723\/revisions\/762"}],"wp:attachment":[{"href":"https:\/\/netzwerke-21.de\/index.php?rest_route=%2Fwp%2Fv2%2Fmedia&parent=723"}],"wp:term":[{"taxonomy":"category","embeddable":true,"href":"https:\/\/netzwerke-21.de\/index.php?rest_route=%2Fwp%2Fv2%2Fcategories&post=723"},{"taxonomy":"post_tag","embeddable":true,"href":"https:\/\/netzwerke-21.de\/index.php?rest_route=%2Fwp%2Fv2%2Ftags&post=723"}],"curies":[{"name":"wp","href":"https:\/\/api.w.org\/{rel}","templated":true}]}}