{"id":6809,"date":"2015-02-01T14:25:17","date_gmt":"2015-02-01T12:25:17","guid":{"rendered":"http:\/\/netzwerke-21.de\/?p=6809"},"modified":"2015-10-02T17:52:15","modified_gmt":"2015-10-02T15:52:15","slug":"zum-5-jaehrigen-offiziellen-baustart-von-stuttgart-21","status":"publish","type":"post","link":"https:\/\/netzwerke-21.de\/?p=6809","title":{"rendered":"Zum 5-j\u00e4hrigen offiziellen Baustart von Stuttgart 21"},"content":{"rendered":"<p>Morgen j\u00e4hrt sich der Tag des offiziellen Baustarts von Stuttgarter 21, an dem in einem symbolischen Akt der Prellbock 049 versetzt wurde. Die beiden Stuttgarter Zeitungen nahmen dies zum Anlass in einer Doppelseite (<a title=\"Proteste beim Baustart, R\u00fcckschl\u00e4ge und z\u00e4her Fortschritt\" href=\"http:\/\/www.stuttgarter-zeitung.de\/inhalt.fuenf-jahre-stuttgart-21-baustelle-proteste-beim-baustart-rueckschlaege-und-zaeher-fortschritt.bf81fd4f-5b6d-4629-9a25-2f4d456f10a1.html\" target=\"_blank\">hier<\/a>) eine Chronik der letzten 5 Jahre zu ver\u00f6ffentlichen, bei den damaligen Akteuren der Prellbockversetzung nachzuhaken und \u00fcber den aktuellen z\u00e4hen Baustand zu berichten. Hier finden sich nicht mehr Aussagen, w<a title=\"Der Prellbock 049 und f\u00fcnf Jahre Bau an Stuttgart 21\" href=\"http:\/\/netzwerke-21.de\/?p=6658\" target=\"_blank\">ie noch vor wenigen Tagen zu lesen<\/a>, dass bereits rund ein Zehntel der Tunnelstrecke im Rohbau sei, sondern eine Grafik mit den aktuellem Tunnelvortriebsstand von rund 1.945 Meter bzw. 3,3 % der Gesamtstrecke und auch Analysen des Baufortschritts, wie beispielsweise f\u00fcr den Abschnitt PFA 1.6a:<\/p>\n<p><em>&#8222;Planabschnitt 6: Der Tunnel vom Durchgangsbahnhof nach Obert\u00fcrkheim wird 5.751 Meter lang. Unter dem Neckar entsteht ein Abzweig, der auch Fahrten von und nach Untert\u00fcrkheim erlaubt. Er war der erste S-21-Tunnel, an dem die Arbeiten begannen. Allerdings stie\u00dfen die Arbeiter in der Baugrube in Wangen auf mehr Grundwasser als angenommen. Das verlangsamte die Arbeiten. Von den eigentlichen Tunnelr\u00f6hren sind bislang knapp 25 Meter ausgebrochen. Die Arbeiten an einer Zufahrt in Untert\u00fcrkheim l\u00f6sten wegen der L\u00e4rmentwicklung Protestst\u00fcrme in der Bev\u00f6lkerung aus. Mittlerweile haben sich Betroffene an den Petitionsausschuss des Bundestages gewandt. Zum Abschnitt geh\u00f6rt auch der geplante Abstellbahnhof in Untert\u00fcrkheim, der bis dato nicht genehmigt ist.&#8220;<\/em><\/p>\n<p>Die Parksch\u00fctzer kommentieren das &#8222;Jubil\u00e4um&#8220; mit der Pressemitteilung <em>&#8222;<a href=\"http:\/\/www.bei-abriss-aufstand.de\/2015\/02\/01\/presseerklaerung-fuenf-jahre-stillstand-fuer-stuttgart\/\" target=\"_blank\">F\u00fcnf Jahre Stillstand f\u00fcr Stuttgart&#8220;\u00a0<\/a><\/em>und weisen auf den seit dem Umbau des Gleisvorfeldes au\u00dfer Takt geratenen S-Bahn-Verkehr hin. Auf Cam21 findet sich eine &#8222;<a title=\"Stuttgart 21 \u2013 Die Chronologie der Pannen\" href=\"http:\/\/cams21.de\/stuttgart-21-die-chronologie-der-pannen\/\" target=\"_blank\">Chronologie der Pannen&#8220;<\/a> bei Stuttgart 21. Fritz M\u00f6bius hinterfragt in seinem Blog &#8222;<a title=\"Ist das sogenannte &quot;\u00f6ffentliche Interesse&quot; von Stuttgart 21 noch zeitgem\u00e4\u00df? \" href=\"http:\/\/s21irrtum.blogspot.de\/2015\/02\/ist-das-sogenannte-offentliche.html\" target=\"_blank\">Der Stuttgart 21-Irrtum<\/a>&#8222;, ob das \u00f6ffentliche Interesse an Stuttgart 21 noch zeitgem\u00e4\u00df sei.<\/p>\n","protected":false},"excerpt":{"rendered":"<p>Morgen j\u00e4hrt sich der Tag des offiziellen Baustarts von Stuttgarter 21, an dem in einem symbolischen Akt der Prellbock 049 versetzt wurde. Die beiden Stuttgarter Zeitungen nahmen dies zum Anlass in einer Doppelseite (hier) eine Chronik der letzten 5 Jahre &hellip; <a href=\"https:\/\/netzwerke-21.de\/?p=6809\">Weiterlesen <span class=\"meta-nav\">&rarr;<\/span><\/a><\/p>\n","protected":false},"author":6,"featured_media":0,"comment_status":"closed","ping_status":"closed","sticky":false,"template":"","format":"standard","meta":{"footnotes":""},"categories":[1,8,71,44,45,46,35,47,21,20,13,25,34,38,4,22,30],"tags":[],"class_list":["post-6809","post","type-post","status-publish","format-standard","hentry","category-allgemein","category-bauarbeiten","category-baufortschritt","category-degerloch","category-fasanenhof","category-filderbereich","category-gablenberg","category-gaensheide","category-kernerviertel","category-killesberg","category-laerm","category-obertuerkheim","category-planfeststellung","category-tunnelstrecken","category-unterfahrung","category-untertuerkheim","category-wangen"],"_links":{"self":[{"href":"https:\/\/netzwerke-21.de\/index.php?rest_route=\/wp\/v2\/posts\/6809","targetHints":{"allow":["GET"]}}],"collection":[{"href":"https:\/\/netzwerke-21.de\/index.php?rest_route=\/wp\/v2\/posts"}],"about":[{"href":"https:\/\/netzwerke-21.de\/index.php?rest_route=\/wp\/v2\/types\/post"}],"author":[{"embeddable":true,"href":"https:\/\/netzwerke-21.de\/index.php?rest_route=\/wp\/v2\/users\/6"}],"replies":[{"embeddable":true,"href":"https:\/\/netzwerke-21.de\/index.php?rest_route=%2Fwp%2Fv2%2Fcomments&post=6809"}],"version-history":[{"count":15,"href":"https:\/\/netzwerke-21.de\/index.php?rest_route=\/wp\/v2\/posts\/6809\/revisions"}],"predecessor-version":[{"id":7309,"href":"https:\/\/netzwerke-21.de\/index.php?rest_route=\/wp\/v2\/posts\/6809\/revisions\/7309"}],"wp:attachment":[{"href":"https:\/\/netzwerke-21.de\/index.php?rest_route=%2Fwp%2Fv2%2Fmedia&parent=6809"}],"wp:term":[{"taxonomy":"category","embeddable":true,"href":"https:\/\/netzwerke-21.de\/index.php?rest_route=%2Fwp%2Fv2%2Fcategories&post=6809"},{"taxonomy":"post_tag","embeddable":true,"href":"https:\/\/netzwerke-21.de\/index.php?rest_route=%2Fwp%2Fv2%2Ftags&post=6809"}],"curies":[{"name":"wp","href":"https:\/\/api.w.org\/{rel}","templated":true}]}}