{"id":6658,"date":"2015-01-27T19:19:00","date_gmt":"2015-01-27T17:19:00","guid":{"rendered":"http:\/\/netzwerke-21.de\/?p=6658"},"modified":"2015-10-02T17:45:13","modified_gmt":"2015-10-02T15:45:13","slug":"stn-bericht-zum-prellbock-049-und-5-jahre-bau-an-stuttgart-21","status":"publish","type":"post","link":"https:\/\/netzwerke-21.de\/?p=6658","title":{"rendered":"Der Prellbock 049 und f\u00fcnf Jahre Bau an Stuttgart 21"},"content":{"rendered":"<p>Die beiden Stuttgarter Zeitungen erinnern heute (<a title=\"StN Prellbock 049 verrichtet weiter seinen Dienst\" href=\"http:\/\/www.stuttgarter-zeitung.de\/inhalt.fuenf-jahre-bau-an-stuttgart-21-prellbock-049-verrichtet-weiter-seinen-dienst.e615b900-6267-4d30-91e8-a09a7dbf655c.html\" target=\"_blank\">hier<\/a>) an den Baustart von Stuttgart 21 vor knapp f\u00fcnf Jahren. Damals, am 2.Februar 2010, wurde der Prellbock 049 (<a title=\"StZ Prellbock 049 kommt zu Ehren\" href=\"http:\/\/www.stuttgarter-zeitung.de\/inhalt.baubeginn-stuttgart-21-prellbock-049-kommt-zu-ehren.3dba9dbf-0797-4068-bd89-61dceb98f605.html\">StZ<\/a>) in einem symbolischen Akt mit 400 geladenen G\u00e4sten aus Politik und Wirtschaft, begleitet von einem <a href=\"https:\/\/www.youtube.com\/watch?v=d-o-91tsap4\" target=\"_blank\">Pfeifkonzert der Projektgegner<\/a>, versetzt. Mehr dazu im damaligen <a title=\"StZ Drinnen, drau\u00dfen - daf\u00fcr, dagegen\" href=\"http:\/\/www.stuttgarter-zeitung.de\/inhalt.stuttgart-21-drinnen-draussen-dafuer-dagegen.aea59ce0-a040-46f9-8785-a5d548aef404.html\" target=\"_blank\">StZ-Bericht <\/a>und im <a title=\"Frontal 21 \u00fcber Stuttgart 21 \" href=\"https:\/\/www.youtube.com\/watch?x-yt-ts=1422503916&amp;x-yt-cl=85027636&amp;v=FgPKEBEbUGs#t=57\" target=\"_blank\">Bericht von Frontal 21<\/a>. In der heutigen Meldung der Stuttgarter Zeitungen hei\u00dft es zur Frage, ob denn die Bahn, nachdem sich jahrelang nichts oder nur &#8222;hom\u00f6opathischen Dosen&#8220; auf den Baustellen getan hat, noch im Zeitplan sei:<\/p>\n<p>&#8222;.<em>..F\u00fcr Laien ist das schwer zu beurteilen: Kann hier, wo jetzt Bagger und Baumaschinen jede Menge Dreck hin und herfahren in knapp sieben Jahren ein voll funktionsf\u00e4higer unterirdischer Bahnhof starten? Man sei gut in der Zeit, hei\u00dft es bei der Bahn. Ende 2021 sei f\u00fcr die Fertigstellung nach wie vor drin. Alle vier Tunnel in Stuttgart seien im Bau, ein Zehntel davon im Rohbau fertig&#8230;<\/em>&#8220;<\/p>\n<p>Erstaunlich, dass die beiden Zeitungen unkritisch die von der Bahn weiterhin so felsenfest versicherte Er\u00f6ffnung des &#8222;Tiefbahnhofs&#8220; und seiner 60 Kilometer unterirdischer Zulaufstrecken bis Ende 2021 nicht hinterfragen. M\u00f6glicherweise wollen sie nicht wieder eine Klage des Kommunikationsb\u00fcros riskieren. Selbst der Verkehrsminister des Landes BW Winfried Hermann hielt bereits vor zwei Jahren in einem Interview mit der StZ (<a title=\"StZ \u201e2025 w\u00e4re optimistisch kalkuliert\u201c\" href=\"http:\/\/www.stuttgarter-zeitung.de\/inhalt.stuttgart-21-2025-waere-optimistisch-kalkuliert.94be6279-a070-4b0e-8522-042bf38835d5.html\" target=\"_blank\">hier<\/a>) die Er\u00f6ffnung von Stuttgart 21 zum offiziellen Zeitpunkt f\u00fcr v\u00f6llig unrealistisch:<\/p>\n<p><em>&#8222;2025 w\u00e4re das schon extrem optimistisch kalkuliert. Es kann ja niemand wollen, dass wir bis 2030 eine Dauerbaustelle haben. Nicht weil wir schwerg\u00e4ngig sind, sondern weil die Bahn es ist. Sie ist an den Verz\u00f6gerungen schuld.&#8220;<\/em><\/p>\n<p>Bis auf die Abriss- und Rodungsarbeiten wurde bis heute kein einziger von der Bahn ver\u00f6ffentlichter Bauzeitplan &#8211; auch wegen der zahlreich erforderlichen Plan\u00e4nderungen &#8211; einhalten. \u00dcber die zeitlichen Abweichungen von den aktuellen Zeitpl\u00e4nen haben wir vor Kurzem in unserem Beitrag &#8222;<a href=\"http:\/\/netzwerke-21.de\/?p=5122\" target=\"_blank\"><em>Quartalsbericht statt Baufortschritt<\/em><\/a>&#8220; berichtet. Auf der Baustelle zum &#8222;Tiefbahnhof&#8220; ist weiterhin nicht erkennbar, dass der Anfang August 2014 vom Bauleiter der ausf\u00fchrenden Baufirma Z\u00fcblin vorgestellte eng getaktete Zeitplan mit den einzelnen Trogbaut\u00e4tigkeiten in den Baufeldern 1,16,22 und 25 (<a href=\"http:\/\/netzwerke-21.de\/wordpress\/wp-content\/uploads\/20140805-Beginn_Aushub_Trogbau_Bauablauf_Zueblin.pdf\" target=\"_blank\">hier<\/a>) eingehalten werden kann. Obwohl mittlerweile die Genehmigungen zur erh\u00f6hten flexiblen Grundwasserentnahme und ge\u00e4nderten, offenen Bauweise des Nesenbachd\u00fckers vorliegen. Lediglich die Bauarbeiten der SSB zur Verlegung der beiden Stadtbahnhaltestellen T\u00fcrlenstra\u00dfe und Staatsgalerie laufen.<\/p>\n<p>Und auch nach den aktuellen offiziellen Zahlen zum 26.Januar 2015 (<a href=\"http:\/\/www.bahnprojekt-stuttgart-ulm.de\/auf-der-baustelle\/tunnelvortrieb-vortriebsstaende\/\" target=\"_blank\">hier<\/a>) sind von den rund 60 Kilometer Tunnelstrecken mitnichten ein Zehntel im Rohbau fertig, sondern lediglich 3,29 % bzw 1.945 km. Davon entfallen allein 425 Meter auf schmale Zugangsstollen am Zwischenangriff Wangen und Prag sowie an der Rettungszufahrt am Wagenburgtunnel. Eine \u00dcbersicht der Netzwerke 21 \u00fcber den Verlauf finden Sie <a href=\"http:\/\/netzwerke-21.de\/wordpress\/wp-content\/uploads\/15-01-26-Tunnelvortrieb-S-21.pdf\" target=\"_blank\">hier<\/a>. Unabh\u00e4ngig vom weiteren Fortgang in den noch nicht genehmigten Bauabschnitten auf den Fildern und beim Abstellbahnhof Untert\u00fcrkheim scheint es nur noch eine Frage der Zeit zu sein, bis auch die Bahn erneut einen verz\u00f6gerten Fertigstellungstermin und die damit auch verbundenen Kostensteigerungen bei den Projektpartnern und in der \u00d6ffentlichkeit einr\u00e4umen muss. Die Anwohner der umliegenden S 21- Baustellen werden mit den Belastungen sicherlich deutlich l\u00e4nger als offiziell geplant leben m\u00fcssen.<\/p>\n","protected":false},"excerpt":{"rendered":"<p>Die beiden Stuttgarter Zeitungen erinnern heute (hier) an den Baustart von Stuttgart 21 vor knapp f\u00fcnf Jahren. Damals, am 2.Februar 2010, wurde der Prellbock 049 (StZ) in einem symbolischen Akt mit 400 geladenen G\u00e4sten aus Politik und Wirtschaft, begleitet von &hellip; <a href=\"https:\/\/netzwerke-21.de\/?p=6658\">Weiterlesen <span class=\"meta-nav\">&rarr;<\/span><\/a><\/p>\n","protected":false},"author":6,"featured_media":0,"comment_status":"closed","ping_status":"closed","sticky":false,"template":"","format":"standard","meta":{"footnotes":""},"categories":[8,71,28,45,35,47,21,20,59,25,38,22,52,30,53],"tags":[],"class_list":["post-6658","post","type-post","status-publish","format-standard","hentry","category-bauarbeiten","category-baufortschritt","category-bauinfo-kommunikationsbuero","category-fasanenhof","category-gablenberg","category-gaensheide","category-kernerviertel","category-killesberg","category-kosten","category-obertuerkheim","category-tunnelstrecken","category-untertuerkheim","category-vortriebsstand","category-wangen","category-zeitplan"],"_links":{"self":[{"href":"https:\/\/netzwerke-21.de\/index.php?rest_route=\/wp\/v2\/posts\/6658","targetHints":{"allow":["GET"]}}],"collection":[{"href":"https:\/\/netzwerke-21.de\/index.php?rest_route=\/wp\/v2\/posts"}],"about":[{"href":"https:\/\/netzwerke-21.de\/index.php?rest_route=\/wp\/v2\/types\/post"}],"author":[{"embeddable":true,"href":"https:\/\/netzwerke-21.de\/index.php?rest_route=\/wp\/v2\/users\/6"}],"replies":[{"embeddable":true,"href":"https:\/\/netzwerke-21.de\/index.php?rest_route=%2Fwp%2Fv2%2Fcomments&post=6658"}],"version-history":[{"count":56,"href":"https:\/\/netzwerke-21.de\/index.php?rest_route=\/wp\/v2\/posts\/6658\/revisions"}],"predecessor-version":[{"id":6799,"href":"https:\/\/netzwerke-21.de\/index.php?rest_route=\/wp\/v2\/posts\/6658\/revisions\/6799"}],"wp:attachment":[{"href":"https:\/\/netzwerke-21.de\/index.php?rest_route=%2Fwp%2Fv2%2Fmedia&parent=6658"}],"wp:term":[{"taxonomy":"category","embeddable":true,"href":"https:\/\/netzwerke-21.de\/index.php?rest_route=%2Fwp%2Fv2%2Fcategories&post=6658"},{"taxonomy":"post_tag","embeddable":true,"href":"https:\/\/netzwerke-21.de\/index.php?rest_route=%2Fwp%2Fv2%2Ftags&post=6658"}],"curies":[{"name":"wp","href":"https:\/\/api.w.org\/{rel}","templated":true}]}}