{"id":649,"date":"2013-10-28T18:16:56","date_gmt":"2013-10-28T16:16:56","guid":{"rendered":"http:\/\/netzwerke-21.de\/?p=649"},"modified":"2014-01-24T11:28:42","modified_gmt":"2014-01-24T09:28:42","slug":"pressemitteilung-des-kommunikationsbueros-ueber-den-bauzeitenplan-und-die-neue-beschwerdestelle","status":"publish","type":"post","link":"https:\/\/netzwerke-21.de\/?p=649","title":{"rendered":"Pressemitteilung des Kommunikationsb\u00fcros \u00fcber Bauarbeiten und die neue Beschwerdestelle"},"content":{"rendered":"<p>Heute hat das Kommunikationsb\u00fcro eine <a title=\"PM Kommunikationsb\u00fcro 28.10.2013\" href=\"http:\/\/s14.yesspress.com\/dbag\/2013\/10\/28\/2629481\/4799\/bAZexyu9FmsyCQupk7kxj94daLQ\/079_13-06-17_PM_Bauzeitenplan_final.pdf\">Pressemeldung <\/a>\u00fcber geplante Starts von\u00a0 Bauarbeiten in den einzelnen\u00a0 Stadtteilen herausgegeben. Danach erfolgt der Anstich des Tunnels in Wangen bereits am 4.Dezember. Ende Januar \/ Anfang Februar sollen die bergm\u00e4nnischen Arbeiten am Rettungsstollen neben dem Wagenburgtunnel und der Transport des Aushubs per F\u00f6rderband in den mittleren Schlossgarten starten. Zuvor m\u00fcssen noch in dreiw\u00f6chigen Nachtarbeiten die Leitungen im mittleren Schlossgarten \u00fcber die B14 verlegt werden. <span style=\"text-decoration: underline;\">A<\/span><span style=\"text-decoration: underline;\">b 01.November soll die Kontaktstelle &#8222;Bauinfo&#8220; f\u00fcr die vom Bau betroffenen B\u00fcrger an sieben Tagen die Woche rund um die Uhr erreichbar sein:\u00a0 Telefonnummer 0711 213 21 212 oder per Mail unter bauen@stuttgart-ulm.de<\/span> . Nach Angaben des Kommunikationsb\u00fcros leitet die &#8222;BauInfo&#8220; die Anfragen unmittelbar an die jeweiligen Projektleitungen, Bau\u00fcberwachungen und die Immissionschutzbeauftragten weiter und koordiniert die Antworten, ebenso wie Probleml\u00f6sungen. Sie m\u00fcssen nach Angaben der StN sicherstellen, dass zum Beispiel L\u00e4rmgrenzwerte nicht \u00fcberschritten und Nachtfahrverbote eingehalten werden. Hier finden Sie dazu die Berichterstattungen der Stuttgarter Zeitung <a title=\" Stuttgart - Region &amp; Land &gt;Stuttgart 21   Stuttgart 21 Tunnelanstich am 4. Dezember\" href=\"http:\/\/www.stuttgarter-zeitung.de\/inhalt.stuttgart-21-tunnelanstich-am-4-dezember.5525b93f-f3b0-415e-8e6a-63949549e00f.html\">1\u00a0 <\/a>\/\u00a0<a title=\"StZ S 21-Bahn richtet Kontaktstelle f\u00fcr B\u00fcrger ein\" href=\"http:\/\/www.stuttgarter-zeitung.de\/inhalt.stuttgart-21-bahn-richtet-kontaktstelle-fuer-buerger-ein.fa28237b-464b-462e-bf99-cbf1dd1797a5.html\"> 2<\/a> und der Stuttgarter Nachrichten<a title=\"StN S21 soll bis 2021 fertig werden, Tunnelanstich am 4. Dezember\" href=\"http:\/\/www.stuttgarter-nachrichten.de\/inhalt.stuttgart-21-tunnelanstich-am-4-dezember.a4baa755-e1c7-4c64-b7bc-d72b7f7a1d5d.html\"> 1 <\/a>\/ <a title=\"StN   B\u00fcrgertelefon Stuttgart 21 erh\u00e4lt 24-Stunden-Hotline\" href=\"http:\/\/www.stuttgarter-nachrichten.de\/inhalt.buergertelefon-stuttgart-21-erhaelt-24-stunden-hotline.21ed471f-8d67-4501-8655-bb2a7e0ae959.html\">2.<\/a><\/p>\n","protected":false},"excerpt":{"rendered":"<p>Heute hat das Kommunikationsb\u00fcro eine Pressemeldung \u00fcber geplante Starts von\u00a0 Bauarbeiten in den einzelnen\u00a0 Stadtteilen herausgegeben. Danach erfolgt der Anstich des Tunnels in Wangen bereits am 4.Dezember. Ende Januar \/ Anfang Februar sollen die bergm\u00e4nnischen Arbeiten am Rettungsstollen neben dem &hellip; <a href=\"https:\/\/netzwerke-21.de\/?p=649\">Weiterlesen <span class=\"meta-nav\">&rarr;<\/span><\/a><\/p>\n","protected":false},"author":6,"featured_media":0,"comment_status":"closed","ping_status":"closed","sticky":false,"template":"","format":"standard","meta":{"footnotes":""},"categories":[8,28,9,27,16,13,24],"tags":[],"class_list":["post-649","post","type-post","status-publish","format-standard","hentry","category-bauarbeiten","category-bauinfo-kommunikationsbuero","category-bauschaeden","category-erschuetterungen","category-haftung-im-schadensfall","category-laerm","category-verkehr"],"_links":{"self":[{"href":"https:\/\/netzwerke-21.de\/index.php?rest_route=\/wp\/v2\/posts\/649","targetHints":{"allow":["GET"]}}],"collection":[{"href":"https:\/\/netzwerke-21.de\/index.php?rest_route=\/wp\/v2\/posts"}],"about":[{"href":"https:\/\/netzwerke-21.de\/index.php?rest_route=\/wp\/v2\/types\/post"}],"author":[{"embeddable":true,"href":"https:\/\/netzwerke-21.de\/index.php?rest_route=\/wp\/v2\/users\/6"}],"replies":[{"embeddable":true,"href":"https:\/\/netzwerke-21.de\/index.php?rest_route=%2Fwp%2Fv2%2Fcomments&post=649"}],"version-history":[{"count":20,"href":"https:\/\/netzwerke-21.de\/index.php?rest_route=\/wp\/v2\/posts\/649\/revisions"}],"predecessor-version":[{"id":669,"href":"https:\/\/netzwerke-21.de\/index.php?rest_route=\/wp\/v2\/posts\/649\/revisions\/669"}],"wp:attachment":[{"href":"https:\/\/netzwerke-21.de\/index.php?rest_route=%2Fwp%2Fv2%2Fmedia&parent=649"}],"wp:term":[{"taxonomy":"category","embeddable":true,"href":"https:\/\/netzwerke-21.de\/index.php?rest_route=%2Fwp%2Fv2%2Fcategories&post=649"},{"taxonomy":"post_tag","embeddable":true,"href":"https:\/\/netzwerke-21.de\/index.php?rest_route=%2Fwp%2Fv2%2Ftags&post=649"}],"curies":[{"name":"wp","href":"https:\/\/api.w.org\/{rel}","templated":true}]}}