{"id":6313,"date":"2015-01-15T17:56:04","date_gmt":"2015-01-15T15:56:04","guid":{"rendered":"http:\/\/netzwerke-21.de\/?p=6313"},"modified":"2015-01-17T01:06:13","modified_gmt":"2015-01-16T23:06:13","slug":"blauer-brief-aus-bruessel-netzwerke-wenden-sich-an-ob-wegen-luftbelastung-durch-baustellenverkehr","status":"publish","type":"post","link":"https:\/\/netzwerke-21.de\/?p=6313","title":{"rendered":"Blauer Brief aus Br\u00fcssel: Netzwerke wenden sich an OB wegen Luftbelastung durch jahrelangen Baustellenverkehr bei S 21"},"content":{"rendered":"<p>Die Netzwerke 21 haben\u00a0 sich im Zuge des <a href=\"http:\/\/netzwerke-21.de\/?p=5970\" target=\"_blank\">Blauen Briefes aus Br\u00fcssel wegen der mehrj\u00e4hrigen \u00dcberschreitung der Feinstaubwerte <\/a>am Montag in einem Schreiben an den Oberb\u00fcrgermeister Fritz Kuhn gewandt. Lesen Sie <a href=\"http:\/\/netzwerke-21.de\/wordpress\/wp-content\/uploads\/150111-Brief-an-OB-Feinstaub.pdf\" target=\"_blank\">hier<\/a>. Sie fordern darin ein aktualisiertes Belastungsszenario f\u00fcr die Luftbelastung durch den fast ein Jahrzehnt andauernden Baustellen-Verkehr durch Stuttgart 21, die Ber\u00fccksichtigung dieser Zahlen im neuen Luftreinhalteplan und wirksame Ma\u00dfnahmen zur Einhaltung der Grenzwerte besonders in der belasteten Innenstadt. Der Brief ging auch an das Regierungspr\u00e4sidium, das \u00fcber die Ma\u00dfnahmen entscheidet und das Ministerium f\u00fcr Verkehr und Infrastruktur BW, das gegen\u00fcber der Bundesregierung \u00fcber die getroffenen Ma\u00dfnahmen berichten muss.<\/p>\n<p><span style=\"text-decoration: underline;\">Update:<\/span> Die Stuttgarter Nachrichten berichtete am 15.1. <a href=\"http:\/\/netzwerke-21.de\/wordpress\/wp-content\/uploads\/150115-StN-zu-LKW-Verkehr.pdf\" target=\"_blank\">(hier)<\/a> \u00fcber das Schreiben der Netzwerke an den Oberb\u00fcrgermeister. Die Stuttgarter Zeitung erw\u00e4hnte die Forderung der Netzwerke, den belastenden S 21 -Baustellenverkehr zu ber\u00fccksichtigen, in ihrem Beitrag am 16.1.2014 (<a title=\"StZ Feinstaub sorgt weiter f\u00fcr Wirbel\" href=\"http:\/\/www.stuttgarter-zeitung.de\/inhalt.tempo-40-in-stuttgart-feinstaub-sorgt-weiter-fuer-wirbel.90aa7791-94aa-482f-8fc6-bed3872b163e.html\" target=\"_blank\">hier<\/a>) in ihrem Beitrag \u00fcber die am Montag zu erwartende Stellungnahme des Verkehrsministers Winfried Hermann \u00fcber den neuen Ma\u00dfnahmenkatalog zur Feinstaubbek\u00e4mpfung.<\/p>\n","protected":false},"excerpt":{"rendered":"<p>Die Netzwerke 21 haben\u00a0 sich im Zuge des Blauen Briefes aus Br\u00fcssel wegen der mehrj\u00e4hrigen \u00dcberschreitung der Feinstaubwerte am Montag in einem Schreiben an den Oberb\u00fcrgermeister Fritz Kuhn gewandt. Lesen Sie hier. Sie fordern darin ein aktualisiertes Belastungsszenario f\u00fcr die &hellip; <a href=\"https:\/\/netzwerke-21.de\/?p=6313\">Weiterlesen <span class=\"meta-nav\">&rarr;<\/span><\/a><\/p>\n","protected":false},"author":6,"featured_media":0,"comment_status":"closed","ping_status":"closed","sticky":false,"template":"","format":"standard","meta":{"footnotes":""},"categories":[8,45,46,21,20,39,42,43,25,18,26,22,24,30],"tags":[],"class_list":["post-6313","post","type-post","status-publish","format-standard","hentry","category-bauarbeiten","category-fasanenhof","category-filderbereich","category-kernerviertel","category-killesberg","category-land-bw","category-luftschadstoffe-feinstaub","category-nordbahnhofviertel","category-obertuerkheim","category-schreiben-netzwerke","category-stadt-stuttgart","category-untertuerkheim","category-verkehr","category-wangen"],"_links":{"self":[{"href":"https:\/\/netzwerke-21.de\/index.php?rest_route=\/wp\/v2\/posts\/6313","targetHints":{"allow":["GET"]}}],"collection":[{"href":"https:\/\/netzwerke-21.de\/index.php?rest_route=\/wp\/v2\/posts"}],"about":[{"href":"https:\/\/netzwerke-21.de\/index.php?rest_route=\/wp\/v2\/types\/post"}],"author":[{"embeddable":true,"href":"https:\/\/netzwerke-21.de\/index.php?rest_route=\/wp\/v2\/users\/6"}],"replies":[{"embeddable":true,"href":"https:\/\/netzwerke-21.de\/index.php?rest_route=%2Fwp%2Fv2%2Fcomments&post=6313"}],"version-history":[{"count":11,"href":"https:\/\/netzwerke-21.de\/index.php?rest_route=\/wp\/v2\/posts\/6313\/revisions"}],"predecessor-version":[{"id":6335,"href":"https:\/\/netzwerke-21.de\/index.php?rest_route=\/wp\/v2\/posts\/6313\/revisions\/6335"}],"wp:attachment":[{"href":"https:\/\/netzwerke-21.de\/index.php?rest_route=%2Fwp%2Fv2%2Fmedia&parent=6313"}],"wp:term":[{"taxonomy":"category","embeddable":true,"href":"https:\/\/netzwerke-21.de\/index.php?rest_route=%2Fwp%2Fv2%2Fcategories&post=6313"},{"taxonomy":"post_tag","embeddable":true,"href":"https:\/\/netzwerke-21.de\/index.php?rest_route=%2Fwp%2Fv2%2Ftags&post=6313"}],"curies":[{"name":"wp","href":"https:\/\/api.w.org\/{rel}","templated":true}]}}