{"id":6175,"date":"2015-01-08T23:38:38","date_gmt":"2015-01-08T21:38:38","guid":{"rendered":"http:\/\/netzwerke-21.de\/?p=6175"},"modified":"2015-01-09T23:11:08","modified_gmt":"2015-01-09T21:11:08","slug":"cdu-in-bad-cannstatt-interessiert-sich-fuer-s-21-bauarbeiten-und-laermbelastung-durch-gueterzuege","status":"publish","type":"post","link":"https:\/\/netzwerke-21.de\/?p=6175","title":{"rendered":"CDU in Bad Cannstatt interessiert sich f\u00fcr S 21-Bauarbeiten, deren Auswirkungen und L\u00e4rmbelastung durch mehr G\u00fcterz\u00fcge"},"content":{"rendered":"<p>Die Stuttgarter Zeitung (<a title=\"StZ Wie steht es um S21 im Stadtbezirk?\" href=\"http:\/\/www.stuttgarter-zeitung.de\/inhalt.cdu-in-bad-cannstatt-wie-steht-es-um-s21-im-stadtbezirk.19990695-9190-49a7-9ede-579aaa487651.html\" target=\"_blank\">hier<\/a>) berichtet, dass die CDU-Fraktion des Bezirksbeirats Bad Cannstatt sich f\u00fcr den Stand der aktuellen S21-Bauarbeiten im Stadtbezirk interessiert und von der B\u00fcrgerbeauftragten der Stadt und Vertretern der Bahn eine Informationsver-anstaltung \u00fcber den konkreten Sachstand und die Auswirkungen w\u00fcnscht.<\/p>\n<p>Dies ist insoweit erstaunlich, da die geplanten Stuttgart 21 Bauarbeiten in Bad Cannstatt nahezu ruhen. Cam 21 ver\u00f6ffentlichte dazu Ende November einen umfangreichen Beitrag (<a href=\"http:\/\/cams21.de\/was-wurde-eigentlich-aus-planfeststellungsabschnitt-1-5\/\" target=\"_blank\">hier)<\/a>. Aktuell sind auf der anderen Seite des Neckarufers die Bauarbeiten der Stadt Stuttgart f\u00fcr den Rosensteintunnel im Gange. Mehr dazu finden Sie auf <a href=\"http:\/\/www.stuttgart.de\/rosensteintunnel\/\/\/\" target=\"_blank\">Webseite der Stadt zum Projekt und Bauablauf<\/a>.<\/p>\n<p>Allerdings ist die Frage der CDU-Fraktion nach einer m\u00f6glichen Mehrbelastung durch G\u00fcterz\u00fcge auf der Strecke Richtung Fellbach und damit ggf. verbundenen L\u00e4rmschutz-ma\u00dfnahmen durchaus berechtigt. Siegfried Deuschle, Bezirksbeirat der S\u00d6S-Linken-Plus-Fraktion des Bezirksbeirates, hatte bereits in seiner Rede auf der 251.Montagsdemo (<a href=\"http:\/\/www.cannstatter.net\/index.php\/19-home\/151-251-montagsdemo-in-bad-cannstatt-profitgier-frisst-lebensqualitaet\" target=\"_blank\">hier)<\/a> auf diese kommende L\u00e4rmbelastung durch den n\u00e4chtlichen G\u00fcterzugverkehr\u00a0 hingewiesen:<\/p>\n<p><em>&#8222;Bad Cannstatt wird schlie\u00dflich auch in gro\u00dfem Umfang vom Abtransport der 20 Millionen Abraum betroffen sein, der bei den Baustellen von Stuttgart 21 anf\u00e4llt und zur H\u00e4lfte in Richtung Osten, \u00fcber die Remstalstrecke abransportiert werden soll. &#8222;Es ist die Rede von arbeitst\u00e4glich 13 schweren G\u00fcterz\u00fcgen in Spitzenzeiten.&#8220; Schon heute stellt der G\u00fcterverkehr\u00a0 an der Remstalstrecke f\u00fcr viele Anwohner eine unertr\u00e4gliche L\u00e4rmbelastung dar.&#8220;<\/em><\/p>\n<p>Es w\u00e4re begr\u00fc\u00dfenswert, wenn sich auch CDU-Fraktionen anderer Stadtteile f\u00fcr die konkreten Belastungen der Anwohner durch die Baustellen von Stuttgart 21 interessieren und Informationen von der Bahn \u00fcber Schutzma\u00dfnahmen einfordern w\u00fcrden.<\/p>\n","protected":false},"excerpt":{"rendered":"<p>Die Stuttgarter Zeitung (hier) berichtet, dass die CDU-Fraktion des Bezirksbeirats Bad Cannstatt sich f\u00fcr den Stand der aktuellen S21-Bauarbeiten im Stadtbezirk interessiert und von der B\u00fcrgerbeauftragten der Stadt und Vertretern der Bahn eine Informationsver-anstaltung \u00fcber den konkreten Sachstand und die &hellip; <a href=\"https:\/\/netzwerke-21.de\/?p=6175\">Weiterlesen <span class=\"meta-nav\">&rarr;<\/span><\/a><\/p>\n","protected":false},"author":6,"featured_media":0,"comment_status":"closed","ping_status":"closed","sticky":false,"template":"","format":"standard","meta":{"footnotes":""},"categories":[48,8,28,41,13,26],"tags":[],"class_list":["post-6175","post","type-post","status-publish","format-standard","hentry","category-bad-cannstatt","category-bauarbeiten","category-bauinfo-kommunikationsbuero","category-baulogistik","category-laerm","category-stadt-stuttgart"],"_links":{"self":[{"href":"https:\/\/netzwerke-21.de\/index.php?rest_route=\/wp\/v2\/posts\/6175","targetHints":{"allow":["GET"]}}],"collection":[{"href":"https:\/\/netzwerke-21.de\/index.php?rest_route=\/wp\/v2\/posts"}],"about":[{"href":"https:\/\/netzwerke-21.de\/index.php?rest_route=\/wp\/v2\/types\/post"}],"author":[{"embeddable":true,"href":"https:\/\/netzwerke-21.de\/index.php?rest_route=\/wp\/v2\/users\/6"}],"replies":[{"embeddable":true,"href":"https:\/\/netzwerke-21.de\/index.php?rest_route=%2Fwp%2Fv2%2Fcomments&post=6175"}],"version-history":[{"count":18,"href":"https:\/\/netzwerke-21.de\/index.php?rest_route=\/wp\/v2\/posts\/6175\/revisions"}],"predecessor-version":[{"id":6194,"href":"https:\/\/netzwerke-21.de\/index.php?rest_route=\/wp\/v2\/posts\/6175\/revisions\/6194"}],"wp:attachment":[{"href":"https:\/\/netzwerke-21.de\/index.php?rest_route=%2Fwp%2Fv2%2Fmedia&parent=6175"}],"wp:term":[{"taxonomy":"category","embeddable":true,"href":"https:\/\/netzwerke-21.de\/index.php?rest_route=%2Fwp%2Fv2%2Fcategories&post=6175"},{"taxonomy":"post_tag","embeddable":true,"href":"https:\/\/netzwerke-21.de\/index.php?rest_route=%2Fwp%2Fv2%2Ftags&post=6175"}],"curies":[{"name":"wp","href":"https:\/\/api.w.org\/{rel}","templated":true}]}}