{"id":5501,"date":"2014-12-06T13:17:06","date_gmt":"2014-12-06T11:17:06","guid":{"rendered":"http:\/\/netzwerke-21.de\/?p=5501"},"modified":"2014-12-09T19:53:26","modified_gmt":"2014-12-09T17:53:26","slug":"250-montagsdemo-vor-dem-hauptbahnhof","status":"publish","type":"post","link":"https:\/\/netzwerke-21.de\/?p=5501","title":{"rendered":"250. Montagsdemo vor dem Hauptbahnhof"},"content":{"rendered":"<p>Am n\u00e4chsten Montag findet die<a href=\"http:\/\/www.bei-abriss-aufstand.de\/2014\/11\/10\/250-montagsdemo-gegen-stuttgart-21-am-8-12\/\" target=\"_blank\"> 250.Montagsdemo<\/a> vor dem Hauptbahnhof statt,<a href=\"http:\/\/www.bei-abriss-aufstand.de\/2014\/12\/05\/vgh-entscheidung-250-montagsdemo-kann-vor-hauptbahnhof-stattfinden\/\" target=\"_blank\"> nachdem die Stadt Stuttgart auch vor dem Verwaltungsgerichtshof in Mannheim wegen des Standortes unterlegen ist<\/a>. Sprechen werden u.a. Volker L\u00f6sch, Walter Sittler, Egon Hopfensitz und Tiziano Cardosi, Bahnhofsvorsteher Florenz a.D. Die Netzwerke 21 werden mit ihrem Banner auf der Montagsdemo vertreten sein.<\/p>\n<p>F\u00fcr die Stuttgarter Zeitung (<a title=\"StZ Der lange Atem der Gegner\" href=\"http:\/\/www.stuttgarter-zeitung.de\/inhalt.250-montagsdemo-gegen-stuttgart-21-der-lange-atem-der-gegner.af40a9ad-5ede-4b4a-8826-5d72f01985b6.html\" target=\"_blank\">hier<\/a>) war das Jubil\u00e4um ein Anlass, im Kulturteil einen Beitrag \u00fcber die Verdienste des Stuttgarter B\u00fcrgerprotestes und die sich Schritt f\u00fcr Schritt bewahrheitenden Kassandrarufe der Kritiker herauszugeben. In einem\u00a0 Beitrag der S\u00fcddeutschen Zeitung <a title=\"SZ Zeichen vergangener Zeit \" href=\"http:\/\/www.sueddeutsche.de\/politik\/stuttgart-zeichen-einer-vergangenen-zeit-1.2249958\" target=\"_blank\">(hier)<\/a> wird der Grafiker Ulrich St\u00fcbler portraitiert, der <a href=\"http:\/\/www.bei-abriss-aufstand.de\/2014\/12\/05\/symbole-unserer-bewegung-und-der-kopf-dahinter\/\">u.a. das bekannte und oft kopierte Logo <\/a>f\u00fcr den Protest gegen Stuttgart 21 entworfen hat. Weitere Vorabbeitr\u00e4ge zur 250.Montagsdemo: Kontext &#8222;<a title=\"Kontext Nur wenig Grund f\u00fcr Jubel auf der Jubil\u00e4umsdemo\" href=\"http:\/\/www.kontextwochenzeitung.de\/schaubuehne\/192\/nur-wenig-grund-fuer-jubel-auf-der-jubilaeumsdemo-2585.html\" target=\"_blank\">Nur wenig Grund f\u00fcr Jubel auf der Jubil\u00e4umsdemo<\/a>&#8222;.<\/p>\n","protected":false},"excerpt":{"rendered":"<p>Am n\u00e4chsten Montag findet die 250.Montagsdemo vor dem Hauptbahnhof statt, nachdem die Stadt Stuttgart auch vor dem Verwaltungsgerichtshof in Mannheim wegen des Standortes unterlegen ist. Sprechen werden u.a. Volker L\u00f6sch, Walter Sittler, Egon Hopfensitz und Tiziano Cardosi, Bahnhofsvorsteher Florenz a.D. &hellip; <a href=\"https:\/\/netzwerke-21.de\/?p=5501\">Weiterlesen <span class=\"meta-nav\">&rarr;<\/span><\/a><\/p>\n","protected":false},"author":6,"featured_media":0,"comment_status":"closed","ping_status":"closed","sticky":false,"template":"","format":"standard","meta":{"footnotes":""},"categories":[1,10],"tags":[],"class_list":["post-5501","post","type-post","status-publish","format-standard","hentry","category-allgemein","category-veranstaltungen"],"_links":{"self":[{"href":"https:\/\/netzwerke-21.de\/index.php?rest_route=\/wp\/v2\/posts\/5501","targetHints":{"allow":["GET"]}}],"collection":[{"href":"https:\/\/netzwerke-21.de\/index.php?rest_route=\/wp\/v2\/posts"}],"about":[{"href":"https:\/\/netzwerke-21.de\/index.php?rest_route=\/wp\/v2\/types\/post"}],"author":[{"embeddable":true,"href":"https:\/\/netzwerke-21.de\/index.php?rest_route=\/wp\/v2\/users\/6"}],"replies":[{"embeddable":true,"href":"https:\/\/netzwerke-21.de\/index.php?rest_route=%2Fwp%2Fv2%2Fcomments&post=5501"}],"version-history":[{"count":36,"href":"https:\/\/netzwerke-21.de\/index.php?rest_route=\/wp\/v2\/posts\/5501\/revisions"}],"predecessor-version":[{"id":5547,"href":"https:\/\/netzwerke-21.de\/index.php?rest_route=\/wp\/v2\/posts\/5501\/revisions\/5547"}],"wp:attachment":[{"href":"https:\/\/netzwerke-21.de\/index.php?rest_route=%2Fwp%2Fv2%2Fmedia&parent=5501"}],"wp:term":[{"taxonomy":"category","embeddable":true,"href":"https:\/\/netzwerke-21.de\/index.php?rest_route=%2Fwp%2Fv2%2Fcategories&post=5501"},{"taxonomy":"post_tag","embeddable":true,"href":"https:\/\/netzwerke-21.de\/index.php?rest_route=%2Fwp%2Fv2%2Ftags&post=5501"}],"curies":[{"name":"wp","href":"https:\/\/api.w.org\/{rel}","templated":true}]}}