{"id":5353,"date":"2014-11-27T00:03:58","date_gmt":"2014-11-26T22:03:58","guid":{"rendered":"http:\/\/netzwerke-21.de\/?p=5353"},"modified":"2016-02-11T23:19:28","modified_gmt":"2016-02-11T21:19:28","slug":"27-wangener-buerger-stellen-strafanzeige-gegen-bahn-und-baufirma","status":"publish","type":"post","link":"https:\/\/netzwerke-21.de\/?p=5353","title":{"rendered":"27 Wangener B\u00fcrger stellen Strafanzeige gegen Bahn und Baufirma wegen Sprengarbeiten"},"content":{"rendered":"<p>Ein vom L\u00e4rm und den Sprengarbeiten am Zwischenangriff Ulmerstra\u00dfe in Stuttgart-Wangen betroffener B\u00fcrger und 26 Mitanzeigende aus der unmittelbaren Umgebung haben gestern Strafanzeige gegen die DB Projektbau Stuttgart- Ulm bzw. ihrem Projektleiter f\u00fcr den Abschnitt PFA 1.6a, Stefan Breidenstein, und die Firma Porr gestellt wegen:<\/p>\n<ol>\n<li>Versto\u00df gegen die Sonntags- und Feiertagsruhe<\/li>\n<li>Unzumutbare, fortlaufende k\u00f6rpersch\u00e4digende L\u00e4rmbel\u00e4stigungen, Ruhest\u00f6rungen<\/li>\n<li>Gef\u00e4hrlicher Erdersch\u00fctterungen, besonders bei Nacht.<\/li>\n<\/ol>\n<p>Bereits auf der letzten Bezirksbeiratssitzung in Untert\u00fcrkheim waren die Belastungen der Wangener B\u00fcrger durch die Sprengarbeiten, die auch Nachts und Sonn- und Feiertags von der Bahn durchgef\u00fchrt wurden, ein Thema. B\u00fcrger klagten, dass die durch die\u00a0 unterirdischen Sprengungen ausgel\u00f6sten Ersch\u00fctterungen mehrere hundert Meter (!) weit deutlich zu sp\u00fcren und zu h\u00f6ren seien. <a href=\"http:\/\/www.bahnprojekt-stuttgart-ulm.de\/auf-der-baustelle\/karte\/?tx_smediaunderconstruction_pi2[residentInformation]=24&amp;tx_smediaunderconstruction_pi2[controller]=ResidentInformation&amp;cHash=2d0b112b199b496407bd2d34815f9475\" target=\"_blank\">Auf der Internetseite des Kommunikationsb\u00fcros finden sich hingegen u.a. folgende Hinweise \u00fcber die Bauarbeiten in Wangen, die nicht im Entferntesten die eingetretenen Belastungen ank\u00fcndigten:<\/a><\/p>\n<div id=\"informationOverview\">\n<ul>\n<li>&#8222;<em>Am sogenannten Zwischenangriff f\u00fcr die Zuf\u00fchrungstunnel zum Stuttgarter Hauptbahnhof wurden plangem\u00e4\u00df Fels- und Gesteinsschichten angetroffen. Diese werden nun durch eine Kombination aus Bohr- und Sprengarbeiten gel\u00f6st und dann abtransportiert&#8230; Es wird ein ersch\u00fctterungsarmes Sprengverfahren gew\u00e4hlt. Auch eine L\u00e4rmbelastung wird erfahrungsgem\u00e4\u00df nur punktuell und nicht \u00fcberm\u00e4\u00dfig intensiv auftreten.&#8220;<\/em><\/li>\n<li><em>&#8222;Die Sprengungen werden ab 23. Juni 2014 jeweils zwischen 6\u00a0Uhr und 22 Uhr (teilweise auch mehrmals hintereinander) ausgef\u00fchrt.Die Auftragnehmer der Bahn sind bem\u00fcht, ihre Technologien und Zeitabl\u00e4ufe so zu koordinieren, dass die Sprengungen weitgehend w\u00e4hrend der Tagesstunden durchgef\u00fchrt werden.&#8220;<\/em><\/li>\n<li><em>&#8222;Die Auftragnehmer der Bahn werden die Sprengungen mit eigenen Messger\u00e4ten an repr\u00e4sentativen Messstellen \u00fcberwachen.&#8220;<\/em><\/li>\n<\/ul>\n<p>Das Netzwerk Wangen hat Akteneinsicht in die Messunterlagen zu den Sprengungen beantragt. Der Abschnittsleiter Matthias Breidenstein verwies in seiner Antwort vom 24.11.2014 darauf, dass dieser Messbericht fertig gestellt sei und im Laufe der Woche auf der Seite des Kommunikationsb\u00fcros (<a href=\"http:\/\/www.bahnprojekt-stuttgart-ulm.de\/auf-der-baustelle\/gutachten\/\" target=\"_blank\">hier<\/a>) ver\u00f6ffentlicht werde. Es bleibt abzuwarten, ob und welche Messdaten von der Bahn \u00fcber die Ersch\u00fctterungen der laufenden Sprengungen ins Internet eingestellt werden. Diese Arbeiten laufen in Wangen seit Juni. Bis heute ist noch kein einziger Messwert \u00fcber die Ersch\u00fctterungen, die den Wangener Anwohnern seither zugemutet wurden, auf der Webseite ver\u00f6ffentlicht.<\/p>\n<p><strong>Auf der Webseite findet sich allerdings ein ganz aktueller Messbericht des Immissionsschutzbeauftragten Dr. Fritz vom 18.11.2014 (<a href=\"http:\/\/netzwerke-21.de\/wordpress\/wp-content\/uploads\/Messbericht_Schallschutz-97764-AMS-2-DBPSU-PfA_1_6-Sprengungen_ZA_Ulmer_Strasse.pdf\" target=\"_blank\">hier<\/a>). Darin kommt er auf Seite 5 und 13\u00a0 auch zum Ergebnis,\u00a0 dass die n\u00e4chtlichen Sprengungen wegen einer massiven \u00dcberschreitung der Richtwerte der AVV-Baul\u00e4rm nicht zul\u00e4ssig und unbedingt zu vermeiden seien! Am gleichen Abend erkl\u00e4rte der &#8222;unabh\u00e4ngige&#8220; Immissionsschutzbeauftragte den besorgten Anwohnern auf der <a href=\"http:\/\/netzwerke-21.de\/?p=5248\" target=\"_blank\">Informationsveranstaltung in Untert\u00fcrkheim<\/a>, dass die Sprengungen in Wangen sich im Rahmen der zul\u00e4ssigen Belastungen halten w\u00fcrden.<br \/>\n<\/strong><\/p>\n<p><strong>Update 10.12. 2014:<\/strong> Das Netzwerk Wangen hat dazu noch eine Pressemitteilung (<a href=\"http:\/\/netzwerke-21.de\/wordpress\/wp-content\/uploads\/PM-1401210-b-Wangen.pdf\" target=\"_blank\">hier<\/a>) ver\u00f6ffentlicht<\/p>\n<\/div>\n","protected":false},"excerpt":{"rendered":"<p>Ein vom L\u00e4rm und den Sprengarbeiten am Zwischenangriff Ulmerstra\u00dfe in Stuttgart-Wangen betroffener B\u00fcrger und 26 Mitanzeigende aus der unmittelbaren Umgebung haben gestern Strafanzeige gegen die DB Projektbau Stuttgart- Ulm bzw. ihrem Projektleiter f\u00fcr den Abschnitt PFA 1.6a, Stefan Breidenstein, und &hellip; <a href=\"https:\/\/netzwerke-21.de\/?p=5353\">Weiterlesen <span class=\"meta-nav\">&rarr;<\/span><\/a><\/p>\n","protected":false},"author":6,"featured_media":0,"comment_status":"closed","ping_status":"closed","sticky":false,"template":"","format":"standard","meta":{"footnotes":""},"categories":[8,28,27,12,18,75,38,10,30],"tags":[],"class_list":["post-5353","post","type-post","status-publish","format-standard","hentry","category-bauarbeiten","category-bauinfo-kommunikationsbuero","category-erschuetterungen","category-gebaeuderisiken","category-schreiben-netzwerke","category-sprengungen","category-tunnelstrecken","category-veranstaltungen","category-wangen"],"_links":{"self":[{"href":"https:\/\/netzwerke-21.de\/index.php?rest_route=\/wp\/v2\/posts\/5353","targetHints":{"allow":["GET"]}}],"collection":[{"href":"https:\/\/netzwerke-21.de\/index.php?rest_route=\/wp\/v2\/posts"}],"about":[{"href":"https:\/\/netzwerke-21.de\/index.php?rest_route=\/wp\/v2\/types\/post"}],"author":[{"embeddable":true,"href":"https:\/\/netzwerke-21.de\/index.php?rest_route=\/wp\/v2\/users\/6"}],"replies":[{"embeddable":true,"href":"https:\/\/netzwerke-21.de\/index.php?rest_route=%2Fwp%2Fv2%2Fcomments&post=5353"}],"version-history":[{"count":31,"href":"https:\/\/netzwerke-21.de\/index.php?rest_route=\/wp\/v2\/posts\/5353\/revisions"}],"predecessor-version":[{"id":5560,"href":"https:\/\/netzwerke-21.de\/index.php?rest_route=\/wp\/v2\/posts\/5353\/revisions\/5560"}],"wp:attachment":[{"href":"https:\/\/netzwerke-21.de\/index.php?rest_route=%2Fwp%2Fv2%2Fmedia&parent=5353"}],"wp:term":[{"taxonomy":"category","embeddable":true,"href":"https:\/\/netzwerke-21.de\/index.php?rest_route=%2Fwp%2Fv2%2Fcategories&post=5353"},{"taxonomy":"post_tag","embeddable":true,"href":"https:\/\/netzwerke-21.de\/index.php?rest_route=%2Fwp%2Fv2%2Ftags&post=5353"}],"curies":[{"name":"wp","href":"https:\/\/api.w.org\/{rel}","templated":true}]}}