{"id":4608,"date":"2014-10-15T21:59:56","date_gmt":"2014-10-15T19:59:56","guid":{"rendered":"http:\/\/netzwerke-21.de\/?p=4608"},"modified":"2014-10-19T22:46:52","modified_gmt":"2014-10-19T20:46:52","slug":"baulaerm-von-ein-bis-fuenf-uhr-morgens-in-untertuerkheim","status":"publish","type":"post","link":"https:\/\/netzwerke-21.de\/?p=4608","title":{"rendered":"Schlaflos in Untert\u00fcrkheim &#8211; L\u00e4rmterror von ein bis f\u00fcnf Uhr morgens"},"content":{"rendered":"<p>Die Stuttgarter Nachrichten berichten heute \u00fcber die L\u00e4rmbel\u00e4stigungen durch die\u00a0 derzeitigen <a href=\"http:\/\/www.bahnprojekt-stuttgart-ulm.de\/auf-der-baustelle\/karte\/?tx_smediaunderconstruction_pi2[residentInformation]=39&amp;tx_smediaunderconstruction_pi2[controller]=ResidentInformation&amp;cHash=5c7b388f171fb319a32dc985c62548f5\" target=\"_blank\">n\u00e4chtlichen lauten Rammarbeiten zwischen ein und 5 Uhr in Untert\u00fcrkheim <\/a>zur Herstellung der Rettungszufahrt Benzstra\u00dfe.\u00a0 Trotz der Ank\u00fcndigung der Bahn, rechtzeitig und gezielt auf die betroffenen Anwohner zuzugehen, f\u00fchlen sie sich allein gelassen:<\/p>\n<p>&#8222;<em>Die Kinder weinen und k\u00f6nnen nicht mehr schlafen, der Hund bellt, im Schrank scheppern die Teller. Kopfschmerzen, Zittern am ganzen Leib. An der Benzstra\u00dfe und der Gaggenauer Stra\u00dfe in Untert\u00fcrkheim ist das f\u00fcr rund 100 Menschen zurzeit Alltag. Die Bahn hat in der Nacht zum Montag damit begonnen, Spundw\u00e4nde in den Boden zu rammen \u2013 in unmittelbarer N\u00e4he zur den n\u00e4chstgelegenen Wohnh\u00e4usern. Beeintr\u00e4chtigungen lie\u00dfen sich \u201enicht g\u00e4nzlich ausschlie\u00dfen\u201c, hei\u00dft es in einer Wurfsendung der Bahn an 8500 betroffenen Haushalte auch weit jenseits der Bahngleise. Nicht g\u00e4nzlich hei\u00dft eigentlich: weitgehend&#8230;<\/em>&#8222;. Lesen Sie <a title=\"StN Baul\u00e4rm von ein bis f\u00fcnf Uhr morgens\" href=\"http:\/\/www.stuttgarter-nachrichten.de\/inhalt.stuttgart-21-baulaerm-von-eins-bis-fuenf-uhr-morgens.27e56c3d-018a-47cb-b418-4223ce335cbe.html\" target=\"_blank\">hier<\/a>.<\/p>\n<p>Die Bahn argumentiert in ihrem auch noch versp\u00e4tet eingeworfenen <a href=\"http:\/\/www.bahnprojekt-stuttgart-ulm.de\/uploads\/tx_smediaunderconstruction\/20140926_Untertuerkheim_Rammarbeiten_Rettungszufahrt_Okt2014.pdf\" target=\"_blank\">Info-Faltblatt<\/a> pauschal, dass die Bauarbeiten planfestgestellt und von einem unabh\u00e4ngigen Immissionsschutzbeauftragten \u00fcberwacht werden. Wir m\u00f6chten in diesem Zusammenhang an unseren Beitrag &#8222;<a href=\"http:\/\/netzwerke-21.de\/?p=3493\" target=\"_blank\"><em>Planfeststellung und Baurealit\u00e4t am Beispiel der L\u00e4rmpegel an der Rettungszufahrt Benzstra\u00dfe in Untert\u00fcrkheim&#8220;<\/em><\/a>\u00a0 zu den L\u00e4rm\u00fcberschreitungen in Untert\u00fcrkheim erinnern. Hier wurden zu Beginn der Bauarbeiten im letzten Jahr L\u00e4rmwerte gemessen, die weit \u00fcber den planfestgestellten und damit genehmigten Maximalwerten lagen. Am ersten Wochenende wurden \u00fcber 100 dB (A) gemessen. Ein vollkommen inakzeptabler Wert, bei dem selbst der Immissionsschutzbeauftragte in einem interenen Schreiben an das Eisenbahn-Bundesamt bemerkte, dass bei der ersten Beschwerde die Baustelle still gelegt werden m\u00fcsste. Doch das EBA als Aufsichtsbeh\u00f6rde behielt diese Einsch\u00e4tzung unter Verschluss. So beteuerten sowohl die Bauinfo als auch die hinzugerufene Polizei gegen\u00fcber den verzweifelten Anwohnern, dass sich doch alles im Rahmen der Planfeststellung bewege&#8230;<\/p>\n<p><strong>Update:<\/strong> Mittlerweile zeigen sich die gesundheitsgef\u00e4hrdenden Auswirkungen der n\u00e4chtlichen L\u00e4rmarbeiten. Nach dem Bericht der Stuttgarter Nachrichten (<a title=\"StN Baul\u00e4rm: Arzt schreibt ersten Anlieger krank\" href=\"http:\/\/www.stuttgarter-nachrichten.de\/inhalt.stuttgart-21-baulaerm-arzt-schreibt-ersten-anlieger-krank.ac1cee6a-b0e0-4445-bd1a-ed6b6726f6d5.html\" target=\"_blank\">hier<\/a>) wurde der erste Anwohner vom Arzt krank geschrieben. Die Rammarbeiten wurden danach vorzeitig von der Baufirma (angeblich wegen einer Halbierung der Rammzahlen) unterbrochen und sollen aber nach einer Meldung der Stuttgarter Nachrichten (<a title=\"StN Bahn schaltet Ramme ab und l\u00e4sst B\u00fcrger schlafen\" href=\"http:\/\/www.stuttgarter-nachrichten.de\/inhalt.stuttgart-21-bahn-schaltet-ramme-ab-und-laesst-buerger-schlafen.cbcc0e24-72c2-45dd-bb84-b8662db68c4d.html\" target=\"_blank\">hier<\/a>) im Dezember fortgesetzt werden.<\/p>\n","protected":false},"excerpt":{"rendered":"<p>Die Stuttgarter Nachrichten berichten heute \u00fcber die L\u00e4rmbel\u00e4stigungen durch die\u00a0 derzeitigen n\u00e4chtlichen lauten Rammarbeiten zwischen ein und 5 Uhr in Untert\u00fcrkheim zur Herstellung der Rettungszufahrt Benzstra\u00dfe.\u00a0 Trotz der Ank\u00fcndigung der Bahn, rechtzeitig und gezielt auf die betroffenen Anwohner zuzugehen, f\u00fchlen &hellip; <a href=\"https:\/\/netzwerke-21.de\/?p=4608\">Weiterlesen <span class=\"meta-nav\">&rarr;<\/span><\/a><\/p>\n","protected":false},"author":6,"featured_media":0,"comment_status":"closed","ping_status":"closed","sticky":false,"template":"","format":"standard","meta":{"footnotes":""},"categories":[8,28,27,13,22],"tags":[],"class_list":["post-4608","post","type-post","status-publish","format-standard","hentry","category-bauarbeiten","category-bauinfo-kommunikationsbuero","category-erschuetterungen","category-laerm","category-untertuerkheim"],"_links":{"self":[{"href":"https:\/\/netzwerke-21.de\/index.php?rest_route=\/wp\/v2\/posts\/4608","targetHints":{"allow":["GET"]}}],"collection":[{"href":"https:\/\/netzwerke-21.de\/index.php?rest_route=\/wp\/v2\/posts"}],"about":[{"href":"https:\/\/netzwerke-21.de\/index.php?rest_route=\/wp\/v2\/types\/post"}],"author":[{"embeddable":true,"href":"https:\/\/netzwerke-21.de\/index.php?rest_route=\/wp\/v2\/users\/6"}],"replies":[{"embeddable":true,"href":"https:\/\/netzwerke-21.de\/index.php?rest_route=%2Fwp%2Fv2%2Fcomments&post=4608"}],"version-history":[{"count":25,"href":"https:\/\/netzwerke-21.de\/index.php?rest_route=\/wp\/v2\/posts\/4608\/revisions"}],"predecessor-version":[{"id":4647,"href":"https:\/\/netzwerke-21.de\/index.php?rest_route=\/wp\/v2\/posts\/4608\/revisions\/4647"}],"wp:attachment":[{"href":"https:\/\/netzwerke-21.de\/index.php?rest_route=%2Fwp%2Fv2%2Fmedia&parent=4608"}],"wp:term":[{"taxonomy":"category","embeddable":true,"href":"https:\/\/netzwerke-21.de\/index.php?rest_route=%2Fwp%2Fv2%2Fcategories&post=4608"},{"taxonomy":"post_tag","embeddable":true,"href":"https:\/\/netzwerke-21.de\/index.php?rest_route=%2Fwp%2Fv2%2Ftags&post=4608"}],"curies":[{"name":"wp","href":"https:\/\/api.w.org\/{rel}","templated":true}]}}