{"id":456,"date":"2013-10-17T19:31:35","date_gmt":"2013-10-17T17:31:35","guid":{"rendered":"http:\/\/netzwerke-21.de\/?p=456"},"modified":"2017-12-08T00:35:15","modified_gmt":"2017-12-07T22:35:15","slug":"die-bahn-im-umwelt-und-technikausschuss-am-22-10-2013","status":"publish","type":"post","link":"https:\/\/netzwerke-21.de\/?p=456","title":{"rendered":"Die Bahn im Umwelt- und Technikausschuss am 22.10.2013"},"content":{"rendered":"<p>Am 22.10.2013\u00a0 kommen zwei Mal Vertreter der Bahn in den Umwelt- und Technikausschuss der Stadt und wollen die Gemeinder\u00e4te \u00fcber folgende Punkte informieren, die auch f\u00fcr die Anwohner des Kernerviertels im Hinblick auf die kommenden Bauarbeiten interessant sein k\u00f6nnten:<\/p>\n<p><!--more--><\/p>\n<p><strong>Sitzung ab 8.30 \/ Mittlerer Sitzungssaal , 4.Stock Rathaus<\/strong><\/p>\n<p>&#8211; Tagungsordnungspunkt 3 : Bericht \u00fcber den Stand der Planung Verl\u00e4ngerung Unterfahrung Gebhardt-M\u00fcller-Platz<\/p>\n<p>&#8211; Tagungsordnungspunkt 4: Folgema\u00dfnahme Staatsgalerie, Verlegung der Haltestelle Staatsgalerie sowie der ab- und zuf\u00fchrenden Tunnel, Bericht \u00fcber den Stand der Ma\u00dfnahme<\/p>\n<p><strong>Sitzung ab 15 Uhr \/ Kleiner Sitzungssaal , 3.Stock Rathaus<\/strong><\/p>\n<p>Tagungsordnungspunkt 1: Statusbericht Sicherheit und Rettungskonzept (Brandschutz)<\/p>\n<p>Tagungsordnungspunkt 2: Gestaltung Bahnhofsumfeld (Bericht durch Vertreter der DB und B\u00fcro Ingenhoven)<\/p>\n<p>In diesem Zusammenhang mochten wir Sie auf den Bericht in der Kontext-Wochenzeitung (<a href=\"http:\/\/www.kontextwochenzeitung.de\/macht-markt\/131\/feuer-unterm-bahnhofsdach-1766.html\" target=\"_blank\" rel=\"noopener noreferrer\">&#8222;Feuer unterm Bahnhofsdach&#8220;<\/a>) aufmerksam machen, wonach auch das aktualisierte Brandschutzkonzept mit den Fluchttreppenh\u00e4usern und den zus\u00e4tzlichen Engstellen auf dem Bahnsteig <em>keine<\/em> Zustimmung der Stuttgarter Feuerwehr findet.<\/p>\n<p>&nbsp;<\/p>\n<p>&nbsp;<\/p>\n","protected":false},"excerpt":{"rendered":"<p>Am 22.10.2013\u00a0 kommen zwei Mal Vertreter der Bahn in den Umwelt- und Technikausschuss der Stadt und wollen die Gemeinder\u00e4te \u00fcber folgende Punkte informieren, die auch f\u00fcr die Anwohner des Kernerviertels im Hinblick auf die kommenden Bauarbeiten interessant sein k\u00f6nnten:<\/p>\n","protected":false},"author":6,"featured_media":0,"comment_status":"closed","ping_status":"closed","sticky":false,"template":"","format":"standard","meta":{"footnotes":""},"categories":[83,8,21,11,26,10],"tags":[],"class_list":["post-456","post","type-post","status-publish","format-standard","hentry","category-anwohnerveranstaltung","category-bauarbeiten","category-kernerviertel","category-ssb","category-stadt-stuttgart","category-veranstaltungen"],"_links":{"self":[{"href":"https:\/\/netzwerke-21.de\/index.php?rest_route=\/wp\/v2\/posts\/456","targetHints":{"allow":["GET"]}}],"collection":[{"href":"https:\/\/netzwerke-21.de\/index.php?rest_route=\/wp\/v2\/posts"}],"about":[{"href":"https:\/\/netzwerke-21.de\/index.php?rest_route=\/wp\/v2\/types\/post"}],"author":[{"embeddable":true,"href":"https:\/\/netzwerke-21.de\/index.php?rest_route=\/wp\/v2\/users\/6"}],"replies":[{"embeddable":true,"href":"https:\/\/netzwerke-21.de\/index.php?rest_route=%2Fwp%2Fv2%2Fcomments&post=456"}],"version-history":[{"count":8,"href":"https:\/\/netzwerke-21.de\/index.php?rest_route=\/wp\/v2\/posts\/456\/revisions"}],"predecessor-version":[{"id":26583,"href":"https:\/\/netzwerke-21.de\/index.php?rest_route=\/wp\/v2\/posts\/456\/revisions\/26583"}],"wp:attachment":[{"href":"https:\/\/netzwerke-21.de\/index.php?rest_route=%2Fwp%2Fv2%2Fmedia&parent=456"}],"wp:term":[{"taxonomy":"category","embeddable":true,"href":"https:\/\/netzwerke-21.de\/index.php?rest_route=%2Fwp%2Fv2%2Fcategories&post=456"},{"taxonomy":"post_tag","embeddable":true,"href":"https:\/\/netzwerke-21.de\/index.php?rest_route=%2Fwp%2Fv2%2Ftags&post=456"}],"curies":[{"name":"wp","href":"https:\/\/api.w.org\/{rel}","templated":true}]}}