{"id":4189,"date":"2014-09-18T21:57:44","date_gmt":"2014-09-18T19:57:44","guid":{"rendered":"http:\/\/netzwerke-21.de\/?p=4189"},"modified":"2014-10-04T23:29:31","modified_gmt":"2014-10-04T21:29:31","slug":"stuttgart-21-der-zahltag-rueckt-immer-naeher-und-die-betroffenen-eigentuemer-duerfen-nicht-das-nachsehen-haben","status":"publish","type":"post","link":"https:\/\/netzwerke-21.de\/?p=4189","title":{"rendered":"Stuttgart 21 &#8211; Der Zahltag r\u00fcckt immer n\u00e4her und die betroffenen Eigent\u00fcmer d\u00fcrfen nicht das Nachsehen haben !"},"content":{"rendered":"<p><strong>Pressemitteilung:<\/strong> Nachdem die Stuttgarter Nachrichten vorgestern gemeldet haben, dass bereits 468 Millionen aus dem Risikotopf bei Stuttgart 21 aufgezehrt wurden, r\u00fcckt der Tag immer n\u00e4her, an dem die Bahn, das Land Baden-W\u00fcrttemberg und die Stadt Stuttgart die sogenannte \u201eSprech-Klausel\u201c ziehen und die erste Rate der Mehrkosten einfordern m\u00fcssen.<\/p>\n<p>Die bereits jetzt eingetretenen Mehrkosten von fast einer halbe Milliarde Euro \u00fcberraschen um so mehr, da der reale Baufortschritt bei Stuttgart 21 entgegen der \u00f6ffentlichen Berichterstattung nur marginal ist. Derzeit ist nur eine der 25 Baugruben f\u00fcr den Tiefbahnhof um 4 Meter bis zur Oberkante des Grundwasserspiegels ausgegraben. Und von den rund 59 Kilometern Tunnel sind nach einer offiziellen Meldung des Kommunikationsb\u00fcros zum Stand 8.September 2014 gerade einmal 937,3 Meter bzw. 1,59% der Gesamtstrecke fertig gestellt.<\/p>\n<p>\u201e<em>Dass damit bei Stuttgart 21 mit weiteren \u00dcberschreitungen in Milliardenh\u00f6he und Zeitverz\u00f6gerungen \u00fcber Jahre hinweg gerechnet werden muss, liegt auf der Hand. Die betroffenen Eigent\u00fcmer, deren Grundst\u00fccke unterfahren werden sollen, werden dann das Nachsehen haben, wenn sie ihre Forderungen nach einer sachgerechten Entsch\u00e4digung als Kompensation f\u00fcr ihren Verm\u00f6gensverlust durchsetzen wollen,<\/em>\u201c stellte Frank Schweizer bei der j\u00fcngsten Sitzung der Netzwerke der von Stuttgart 21 betroffenen Eigent\u00fcmer und Anwohner fest.<\/p>\n<p>Frank Schweizer erinnerte daran, dass kurz vor der Volksabstimmung nicht nur die Wandst\u00e4rken der Tunnels reduziert, sondern auch die Kostenans\u00e4tze f\u00fcr Entsch\u00e4digungen halbiert wurden, um durch niedrige Baukosten die Wahlb\u00fcrger zur Zustimmung des Projektes zu bewegen.<\/p>\n<p>\u201e<em>Wir werden von unseren Forderungen nach angemessener Entsch\u00e4digung und Kostenerstattung aller Bausch\u00e4den bei der Unterfahrung unserer H\u00e4user nicht abr\u00fccken. Offensichtliche Kostenmanipulationen darf nicht zum Standard im \u00f6ffentlichen Bauwesen werden. Dieser h\u00e4ufige Wahlbetrug muss politisch verhindert werden. Kostenmanipulation muss nach dem Strafgesetzbuch als kriminell gesetzlich unter Strafe gestellt werden,<\/em>\u201c so Frank Schweizer.<\/p>\n","protected":false},"excerpt":{"rendered":"<p>Pressemitteilung: Nachdem die Stuttgarter Nachrichten vorgestern gemeldet haben, dass bereits 468 Millionen aus dem Risikotopf bei Stuttgart 21 aufgezehrt wurden, r\u00fcckt der Tag immer n\u00e4her, an dem die Bahn, das Land Baden-W\u00fcrttemberg und die Stadt Stuttgart die sogenannte \u201eSprech-Klausel\u201c ziehen &hellip; <a href=\"https:\/\/netzwerke-21.de\/?p=4189\">Weiterlesen <span class=\"meta-nav\">&rarr;<\/span><\/a><\/p>\n","protected":false},"author":6,"featured_media":0,"comment_status":"closed","ping_status":"closed","sticky":false,"template":"","format":"standard","meta":{"footnotes":""},"categories":[1,8,14,35,47,12,21,20,18,38,4,22,30],"tags":[],"class_list":["post-4189","post","type-post","status-publish","format-standard","hentry","category-allgemein","category-bauarbeiten","category-entschaedigung","category-gablenberg","category-gaensheide","category-gebaeuderisiken","category-kernerviertel","category-killesberg","category-schreiben-netzwerke","category-tunnelstrecken","category-unterfahrung","category-untertuerkheim","category-wangen"],"_links":{"self":[{"href":"https:\/\/netzwerke-21.de\/index.php?rest_route=\/wp\/v2\/posts\/4189","targetHints":{"allow":["GET"]}}],"collection":[{"href":"https:\/\/netzwerke-21.de\/index.php?rest_route=\/wp\/v2\/posts"}],"about":[{"href":"https:\/\/netzwerke-21.de\/index.php?rest_route=\/wp\/v2\/types\/post"}],"author":[{"embeddable":true,"href":"https:\/\/netzwerke-21.de\/index.php?rest_route=\/wp\/v2\/users\/6"}],"replies":[{"embeddable":true,"href":"https:\/\/netzwerke-21.de\/index.php?rest_route=%2Fwp%2Fv2%2Fcomments&post=4189"}],"version-history":[{"count":6,"href":"https:\/\/netzwerke-21.de\/index.php?rest_route=\/wp\/v2\/posts\/4189\/revisions"}],"predecessor-version":[{"id":4195,"href":"https:\/\/netzwerke-21.de\/index.php?rest_route=\/wp\/v2\/posts\/4189\/revisions\/4195"}],"wp:attachment":[{"href":"https:\/\/netzwerke-21.de\/index.php?rest_route=%2Fwp%2Fv2%2Fmedia&parent=4189"}],"wp:term":[{"taxonomy":"category","embeddable":true,"href":"https:\/\/netzwerke-21.de\/index.php?rest_route=%2Fwp%2Fv2%2Fcategories&post=4189"},{"taxonomy":"post_tag","embeddable":true,"href":"https:\/\/netzwerke-21.de\/index.php?rest_route=%2Fwp%2Fv2%2Ftags&post=4189"}],"curies":[{"name":"wp","href":"https:\/\/api.w.org\/{rel}","templated":true}]}}