{"id":4024,"date":"2014-08-18T22:26:54","date_gmt":"2014-08-18T20:26:54","guid":{"rendered":"http:\/\/netzwerke-21.de\/?p=4024"},"modified":"2014-10-06T17:44:25","modified_gmt":"2014-10-06T15:44:25","slug":"frank-schweizer-auf-der-235-montagsdemo-im-kernerviertel","status":"publish","type":"post","link":"https:\/\/netzwerke-21.de\/?p=4024","title":{"rendered":"Frank Schweizer auf der 235. Montagsdemo im Kernerviertel"},"content":{"rendered":"<p>Ein Veranstaltungshinweis: n\u00e4chste Woche wird die 235. Montagsdemo im Kernerviertel in der Sch\u00fctzenstra\u00dfe vor dem Haus der Landswasserversorgung stattfinden. Als Redner wird auch Frank Schweizer vom Netzwerk Kernerviertel auftreten und u.a. \u00fcber den Umgang der Bahn und des Eisenbahnbundesamtes mit den betroffenen Anwohnern bei Stuttgart 21 sprechen.<\/p>\n<p><strong><span style=\"text-decoration: underline;\">Update 15.09.2014<\/span><\/strong>: Wer die Rede von Frank Schweizer auf der 235. Montagsdemo verpasst hat, kann sie hier als <a href=\"http:\/\/www.bei-abriss-aufstand.de\/2014\/08\/27\/rede-von-frank-schweizer-bei-der-235-montagsdemo\/\" target=\"_blank\">Text <\/a>und als <a href=\"http:\/\/www.youtube.com\/watch?v=4t2Bjps09PA#t=26\" target=\"_blank\">Video <\/a>abrufen.<\/p>\n<p><iframe loading=\"lazy\" src=\"\/\/player.vimeo.com\/video\/104385084\" height=\"281\" width=\"500\" allowfullscreen=\"\" frameborder=\"0\"><\/iframe><\/p>\n<p><a href=\"http:\/\/vimeo.com\/104385084\">235. Montags-Demo gegen Stuttgart 21, 25.08.2014: Frank Schweizer zur L\u00e4rmbel\u00e4stigung im Kernerviertel<\/a> from <a href=\"http:\/\/vimeo.com\/user5291158\">Rolf Heidemann<\/a> on <a href=\"https:\/\/vimeo.com\">Vimeo<\/a>.<\/p>\n","protected":false},"excerpt":{"rendered":"<p>Ein Veranstaltungshinweis: n\u00e4chste Woche wird die 235. Montagsdemo im Kernerviertel in der Sch\u00fctzenstra\u00dfe vor dem Haus der Landswasserversorgung stattfinden. Als Redner wird auch Frank Schweizer vom Netzwerk Kernerviertel auftreten und u.a. \u00fcber den Umgang der Bahn und des Eisenbahnbundesamtes mit &hellip; <a href=\"https:\/\/netzwerke-21.de\/?p=4024\">Weiterlesen <span class=\"meta-nav\">&rarr;<\/span><\/a><\/p>\n","protected":false},"author":6,"featured_media":0,"comment_status":"closed","ping_status":"closed","sticky":false,"template":"","format":"standard","meta":{"footnotes":""},"categories":[19,31,47,21,34,10],"tags":[],"class_list":["post-4024","post","type-post","status-publish","format-standard","hentry","category-demoreden-netzwerke","category-eisenbahn-bundesamt","category-gaensheide","category-kernerviertel","category-planfeststellung","category-veranstaltungen"],"_links":{"self":[{"href":"https:\/\/netzwerke-21.de\/index.php?rest_route=\/wp\/v2\/posts\/4024","targetHints":{"allow":["GET"]}}],"collection":[{"href":"https:\/\/netzwerke-21.de\/index.php?rest_route=\/wp\/v2\/posts"}],"about":[{"href":"https:\/\/netzwerke-21.de\/index.php?rest_route=\/wp\/v2\/types\/post"}],"author":[{"embeddable":true,"href":"https:\/\/netzwerke-21.de\/index.php?rest_route=\/wp\/v2\/users\/6"}],"replies":[{"embeddable":true,"href":"https:\/\/netzwerke-21.de\/index.php?rest_route=%2Fwp%2Fv2%2Fcomments&post=4024"}],"version-history":[{"count":14,"href":"https:\/\/netzwerke-21.de\/index.php?rest_route=\/wp\/v2\/posts\/4024\/revisions"}],"predecessor-version":[{"id":4539,"href":"https:\/\/netzwerke-21.de\/index.php?rest_route=\/wp\/v2\/posts\/4024\/revisions\/4539"}],"wp:attachment":[{"href":"https:\/\/netzwerke-21.de\/index.php?rest_route=%2Fwp%2Fv2%2Fmedia&parent=4024"}],"wp:term":[{"taxonomy":"category","embeddable":true,"href":"https:\/\/netzwerke-21.de\/index.php?rest_route=%2Fwp%2Fv2%2Fcategories&post=4024"},{"taxonomy":"post_tag","embeddable":true,"href":"https:\/\/netzwerke-21.de\/index.php?rest_route=%2Fwp%2Fv2%2Ftags&post=4024"}],"curies":[{"name":"wp","href":"https:\/\/api.w.org\/{rel}","templated":true}]}}