{"id":3480,"date":"2014-07-16T22:41:36","date_gmt":"2014-07-16T20:41:36","guid":{"rendered":"http:\/\/netzwerke-21.de\/?p=3480"},"modified":"2017-12-27T01:08:53","modified_gmt":"2017-12-26T23:08:53","slug":"rede-von-rede-von-dr-ing-hans-joerg-jaekel-zum-stand-der-baulogistik-bei-der-229-montagsdemo","status":"publish","type":"post","link":"https:\/\/netzwerke-21.de\/?p=3480","title":{"rendered":"Rede von Rede von Dr. Ing. Hans-J\u00f6rg J\u00e4kel zum Stand der Baulogistik bei der 229. Montagsdemo"},"content":{"rendered":"<p>Dr. Ing. Hans-J\u00f6rg J\u00e4kel hat auf der letzten Montagsdemo, die in das von den Lkw-Transporten belastete Nordbahnhofviertel ging, eine sehr informative Rede zum Stand der Baulogistik gehalten (<a href=\"http:\/\/www.youtube.com\/watch?v=3sF2W4BknCQ\" target=\"_blank\" rel=\"noopener noreferrer\">Video<\/a> \/ <a href=\"http:\/\/www.bei-abriss-aufstand.de\/wp-content\/uploads\/Rede-von-Hans-J%C3%B6rg-J%C3%A4kel.pdf\" target=\"_blank\" rel=\"noopener noreferrer\">Text<\/a>). Er macht deutlich, wie sehr die Bahn hier gegen\u00fcber den Auflagen aus der Planfeststellung und den eigenen Zeitpl\u00e4nen im Verzug ist und welche Belastungen dies f\u00fcr die Menschen im Viertel mit sich bringt.<\/p>\n","protected":false},"excerpt":{"rendered":"<p>Dr. Ing. Hans-J\u00f6rg J\u00e4kel hat auf der letzten Montagsdemo, die in das von den Lkw-Transporten belastete Nordbahnhofviertel ging, eine sehr informative Rede zum Stand der Baulogistik gehalten (Video \/ Text). Er macht deutlich, wie sehr die Bahn hier gegen\u00fcber den &hellip; <a href=\"https:\/\/netzwerke-21.de\/?p=3480\">Weiterlesen <span class=\"meta-nav\">&rarr;<\/span><\/a><\/p>\n","protected":false},"author":6,"featured_media":0,"comment_status":"closed","ping_status":"closed","sticky":false,"template":"","format":"standard","meta":{"footnotes":""},"categories":[8,28,41,31,27,85,42,43,34,26,24],"tags":[],"class_list":["post-3480","post","type-post","status-publish","format-standard","hentry","category-bauarbeiten","category-bauinfo-kommunikationsbuero","category-baulogistik","category-eisenbahn-bundesamt","category-erschuetterungen","category-ingenieure22","category-luftschadstoffe-feinstaub","category-nordbahnhofviertel","category-planfeststellung","category-stadt-stuttgart","category-verkehr"],"_links":{"self":[{"href":"https:\/\/netzwerke-21.de\/index.php?rest_route=\/wp\/v2\/posts\/3480","targetHints":{"allow":["GET"]}}],"collection":[{"href":"https:\/\/netzwerke-21.de\/index.php?rest_route=\/wp\/v2\/posts"}],"about":[{"href":"https:\/\/netzwerke-21.de\/index.php?rest_route=\/wp\/v2\/types\/post"}],"author":[{"embeddable":true,"href":"https:\/\/netzwerke-21.de\/index.php?rest_route=\/wp\/v2\/users\/6"}],"replies":[{"embeddable":true,"href":"https:\/\/netzwerke-21.de\/index.php?rest_route=%2Fwp%2Fv2%2Fcomments&post=3480"}],"version-history":[{"count":7,"href":"https:\/\/netzwerke-21.de\/index.php?rest_route=\/wp\/v2\/posts\/3480\/revisions"}],"predecessor-version":[{"id":26086,"href":"https:\/\/netzwerke-21.de\/index.php?rest_route=\/wp\/v2\/posts\/3480\/revisions\/26086"}],"wp:attachment":[{"href":"https:\/\/netzwerke-21.de\/index.php?rest_route=%2Fwp%2Fv2%2Fmedia&parent=3480"}],"wp:term":[{"taxonomy":"category","embeddable":true,"href":"https:\/\/netzwerke-21.de\/index.php?rest_route=%2Fwp%2Fv2%2Fcategories&post=3480"},{"taxonomy":"post_tag","embeddable":true,"href":"https:\/\/netzwerke-21.de\/index.php?rest_route=%2Fwp%2Fv2%2Ftags&post=3480"}],"curies":[{"name":"wp","href":"https:\/\/api.w.org\/{rel}","templated":true}]}}