{"id":34597,"date":"2022-11-28T01:59:55","date_gmt":"2022-11-27T23:59:55","guid":{"rendered":"http:\/\/netzwerke-21.de\/?p=34597"},"modified":"2022-11-28T02:27:57","modified_gmt":"2022-11-28T00:27:57","slug":"stz-entschaedigung-fuer-grundstueckseigentuemer-gericht-empfiehlt-vergleich","status":"publish","type":"post","link":"https:\/\/netzwerke-21.de\/?p=34597","title":{"rendered":"Presse zu Stuttgart 21 und Anwohner"},"content":{"rendered":"<p><strong>StZ:<\/strong> <span class=\"article-headline\"><a title=\"\" href=\"https:\/\/www.stuttgarter-zeitung.de\/inhalt.bahnprojekt-stuttgart-21-entschaedigung-fuer-grundstueckseigentuemer-gericht-empfiehlt-vergleich.16d89fa4-0ac4-4ac3-ae10-92b843bd4f63.html?reduced=true\" target=\"_blank\" rel=\"noopener\">Entsch\u00e4digung f\u00fcr Grundst\u00fcckseigent\u00fcmer \u2013 Gericht empfiehlt Vergleich<\/a> (vom 13.04.2022): <em>&#8222;F\u00fcr zwei Stuttgarter Gel\u00e4ndeeigent\u00fcmer ist es nach der Teilenteignung f\u00fcr das Bahnprojekt jetzt um ein paar Hundert Euro gegangen. F\u00fcr die Bahn und das Regierungspr\u00e4sidium geht es um Prinzipielles. Die Entscheidung steht noch aus.&#8220;<\/em><br \/>\n<\/span><\/p>\n<p><strong>StZ:<\/strong> <span class=\"article-headline\"><a title=\"\" href=\"https:\/\/www.stuttgarter-zeitung.de\/inhalt.stuttgart-21-auf-den-fildern-bauern-wegen-tunnel-im-alarmmodus.803f2775-31bc-4994-a26c-9be08b2dc158.html?reduced=true\" target=\"_blank\" rel=\"noopener\">Bauern wegen Tunnel im Alarmmodus<\/a>: <em>&#8222;Sollte der Tunnel zwischen Sindelfingen und Flughafen f\u00fcr die G\u00e4ubahn gebaut werden, wird die Bohrmaschine wohl in Stuttgart-Plieningen starten. Landwirte bef\u00fcrchten Schlimmstes, die Bahn beschwichtigt.&#8220;<\/em><br \/>\n<\/span><\/p>\n<p><strong>StN: <\/strong><span class=\"article-headline\"><a title=\"\" href=\"https:\/\/www.stuttgarter-nachrichten.de\/inhalt.stuttgart-21-auf-den-fildern-bahn-informiert-ueber-tunnel-fuer-gaeubahn.64d22f58-10a3-434f-9a83-c71b05a5f53e.html?reduced=true\" target=\"_blank\" rel=\"noopener\">Bahn informiert \u00fcber Tunnel f\u00fcr G\u00e4ubahn<\/a>: &#8222;<em>Eine 11,5 Kilometer lange R\u00f6hre, die nun Pfaffensteigtunnel hei\u00dft, soll die G\u00e4ubahn mit dem Flughafen Stuttgart verbinden und Fahrzeiten Richtung Schweiz erm\u00f6glichen, die zum Konzept des Deutschland-Takts passen. Die Bahn er\u00f6ffnet ein Infob\u00fcro auf den Fildern.&#8220;<\/em><br \/>\n<\/span><\/p>\n","protected":false},"excerpt":{"rendered":"<p>StZ: Entsch\u00e4digung f\u00fcr Grundst\u00fcckseigent\u00fcmer \u2013 Gericht empfiehlt Vergleich (vom 13.04.2022): &#8222;F\u00fcr zwei Stuttgarter Gel\u00e4ndeeigent\u00fcmer ist es nach der Teilenteignung f\u00fcr das Bahnprojekt jetzt um ein paar Hundert Euro gegangen. F\u00fcr die Bahn und das Regierungspr\u00e4sidium geht es um Prinzipielles. Die &hellip; <a href=\"https:\/\/netzwerke-21.de\/?p=34597\">Weiterlesen <span class=\"meta-nav\">&rarr;<\/span><\/a><\/p>\n","protected":false},"author":6,"featured_media":0,"comment_status":"closed","ping_status":"closed","sticky":false,"template":"","format":"standard","meta":{"footnotes":""},"categories":[14,17,62],"tags":[],"class_list":["post-34597","post","type-post","status-publish","format-standard","hentry","category-entschaedigung","category-gestattungsvertraege","category-klageverfahren"],"_links":{"self":[{"href":"https:\/\/netzwerke-21.de\/index.php?rest_route=\/wp\/v2\/posts\/34597","targetHints":{"allow":["GET"]}}],"collection":[{"href":"https:\/\/netzwerke-21.de\/index.php?rest_route=\/wp\/v2\/posts"}],"about":[{"href":"https:\/\/netzwerke-21.de\/index.php?rest_route=\/wp\/v2\/types\/post"}],"author":[{"embeddable":true,"href":"https:\/\/netzwerke-21.de\/index.php?rest_route=\/wp\/v2\/users\/6"}],"replies":[{"embeddable":true,"href":"https:\/\/netzwerke-21.de\/index.php?rest_route=%2Fwp%2Fv2%2Fcomments&post=34597"}],"version-history":[{"count":4,"href":"https:\/\/netzwerke-21.de\/index.php?rest_route=\/wp\/v2\/posts\/34597\/revisions"}],"predecessor-version":[{"id":34616,"href":"https:\/\/netzwerke-21.de\/index.php?rest_route=\/wp\/v2\/posts\/34597\/revisions\/34616"}],"wp:attachment":[{"href":"https:\/\/netzwerke-21.de\/index.php?rest_route=%2Fwp%2Fv2%2Fmedia&parent=34597"}],"wp:term":[{"taxonomy":"category","embeddable":true,"href":"https:\/\/netzwerke-21.de\/index.php?rest_route=%2Fwp%2Fv2%2Fcategories&post=34597"},{"taxonomy":"post_tag","embeddable":true,"href":"https:\/\/netzwerke-21.de\/index.php?rest_route=%2Fwp%2Fv2%2Ftags&post=34597"}],"curies":[{"name":"wp","href":"https:\/\/api.w.org\/{rel}","templated":true}]}}