{"id":34430,"date":"2021-11-22T23:51:14","date_gmt":"2021-11-22T21:51:14","guid":{"rendered":"http:\/\/netzwerke-21.de\/?p=34430"},"modified":"2021-11-22T23:51:14","modified_gmt":"2021-11-22T21:51:14","slug":"nachruf-auf-prof-dr-uwe-dreiss","status":"publish","type":"post","link":"https:\/\/netzwerke-21.de\/?p=34430","title":{"rendered":"Nachruf auf Prof. Dr. Uwe Dreiss"},"content":{"rendered":"<p>Uwe Dreiss ist\u00a0 in der Nacht vom 17. auf den 18. November 2021 verstorben.<\/p>\n<p>Uwe Dreiss war Gr\u00fcndungsmitglied der Netzwerke-21 und hat in vielen Jahren dazu beigetragen, dass die betroffenen Eigent\u00fcmer und Mieter \u00fcber Probleme, die durch das Projekt Stuttgart 21 ausgel\u00f6st wurden, sachlich und juristisch korrekt aufgekl\u00e4rt wurden.<\/p>\n<p>Er konnte als Ingenieur und Jurist mit seinem breiten Wissen sehr viel zur Orientierung und Unterst\u00fctzung der Betroffenen beitragen. Die meist komplexen Sachverhalte konnte Uwe Dreiss in zahlreichen schriftlichen Beitr\u00e4gen sowie in Reden bei Informationsveranstaltungen und bei der Montagsdemo souver\u00e4n ausf\u00fchren. Seine sachliche Art hat die Arbeit und Wirkung der Netzwerke \u00fcber Jahre entscheidend gepr\u00e4gt.<\/p>\n<p>Uwe Dreiss war nicht nur ein guter Berater f\u00fcr die Netzwerke, er ist uns auch in vielen pers\u00f6nlichen Begegnungen zum Freund geworden. Aufgrund seiner Erkrankung vermissen wir ihn schon einige Zeit. Wir trauern um Uwe Dreiss und werden ihn in guter Erinnerung behalten.<\/p>\n<p>Die Netzwerke-21<\/p>\n","protected":false},"excerpt":{"rendered":"<p>Uwe Dreiss ist\u00a0 in der Nacht vom 17. auf den 18. November 2021 verstorben. Uwe Dreiss war Gr\u00fcndungsmitglied der Netzwerke-21 und hat in vielen Jahren dazu beigetragen, dass die betroffenen Eigent\u00fcmer und Mieter \u00fcber Probleme, die durch das Projekt Stuttgart &hellip; <a href=\"https:\/\/netzwerke-21.de\/?p=34430\">Weiterlesen <span class=\"meta-nav\">&rarr;<\/span><\/a><\/p>\n","protected":false},"author":6,"featured_media":0,"comment_status":"closed","ping_status":"closed","sticky":false,"template":"","format":"standard","meta":{"footnotes":""},"categories":[18],"tags":[],"class_list":["post-34430","post","type-post","status-publish","format-standard","hentry","category-schreiben-netzwerke"],"_links":{"self":[{"href":"https:\/\/netzwerke-21.de\/index.php?rest_route=\/wp\/v2\/posts\/34430","targetHints":{"allow":["GET"]}}],"collection":[{"href":"https:\/\/netzwerke-21.de\/index.php?rest_route=\/wp\/v2\/posts"}],"about":[{"href":"https:\/\/netzwerke-21.de\/index.php?rest_route=\/wp\/v2\/types\/post"}],"author":[{"embeddable":true,"href":"https:\/\/netzwerke-21.de\/index.php?rest_route=\/wp\/v2\/users\/6"}],"replies":[{"embeddable":true,"href":"https:\/\/netzwerke-21.de\/index.php?rest_route=%2Fwp%2Fv2%2Fcomments&post=34430"}],"version-history":[{"count":1,"href":"https:\/\/netzwerke-21.de\/index.php?rest_route=\/wp\/v2\/posts\/34430\/revisions"}],"predecessor-version":[{"id":34431,"href":"https:\/\/netzwerke-21.de\/index.php?rest_route=\/wp\/v2\/posts\/34430\/revisions\/34431"}],"wp:attachment":[{"href":"https:\/\/netzwerke-21.de\/index.php?rest_route=%2Fwp%2Fv2%2Fmedia&parent=34430"}],"wp:term":[{"taxonomy":"category","embeddable":true,"href":"https:\/\/netzwerke-21.de\/index.php?rest_route=%2Fwp%2Fv2%2Fcategories&post=34430"},{"taxonomy":"post_tag","embeddable":true,"href":"https:\/\/netzwerke-21.de\/index.php?rest_route=%2Fwp%2Fv2%2Ftags&post=34430"}],"curies":[{"name":"wp","href":"https:\/\/api.w.org\/{rel}","templated":true}]}}