{"id":34256,"date":"2021-05-09T22:58:38","date_gmt":"2021-05-09T20:58:38","guid":{"rendered":"http:\/\/netzwerke-21.de\/?p=34256"},"modified":"2021-05-09T22:58:38","modified_gmt":"2021-05-09T20:58:38","slug":"stzplus-wem-gehoert-die-mauer-und-wer-muss-bezahlen","status":"publish","type":"post","link":"https:\/\/netzwerke-21.de\/?p=34256","title":{"rendered":"StZPlus: Wem geh\u00f6rt die Mauer und wer muss bezahlen?"},"content":{"rendered":"<p><strong>StZPlus: <\/strong><a title=\"\" href=\"https:\/\/www.stuttgarter-zeitung.de\/inhalt.anwohnerkonflikt-in-stuttgart-nord-wem-gehoert-die-mauer-und-wer-muss-bezahlen.6e5cd0be-eb8c-4f11-b67c-66c877cb06aa.html?reduced=true\" target=\"_blank\" rel=\"noopener\">Wem geh\u00f6rt die Mauer und wer muss bezahlen?<\/a>: &#8222;<em>Weder der Landkreistag Baden-W\u00fcrttemberg noch eine Hauseigent\u00fcmerin wollen f\u00fcr die Sanierung der St\u00fctzmauer zwischen ihren Grundst\u00fccken zust\u00e4ndig sein. Diese ist m\u00f6glicherweise durch Sprengungen f\u00fcr Stuttgart 21 besch\u00e4digt worden.&#8220;<\/em><\/p>\n","protected":false},"excerpt":{"rendered":"<p>StZPlus: Wem geh\u00f6rt die Mauer und wer muss bezahlen?: &#8222;Weder der Landkreistag Baden-W\u00fcrttemberg noch eine Hauseigent\u00fcmerin wollen f\u00fcr die Sanierung der St\u00fctzmauer zwischen ihren Grundst\u00fccken zust\u00e4ndig sein. Diese ist m\u00f6glicherweise durch Sprengungen f\u00fcr Stuttgart 21 besch\u00e4digt worden.&#8220;<\/p>\n","protected":false},"author":6,"featured_media":0,"comment_status":"closed","ping_status":"closed","sticky":false,"template":"","format":"standard","meta":{"footnotes":""},"categories":[8,9,16,20,39],"tags":[],"class_list":["post-34256","post","type-post","status-publish","format-standard","hentry","category-bauarbeiten","category-bauschaeden","category-haftung-im-schadensfall","category-killesberg","category-land-bw"],"_links":{"self":[{"href":"https:\/\/netzwerke-21.de\/index.php?rest_route=\/wp\/v2\/posts\/34256","targetHints":{"allow":["GET"]}}],"collection":[{"href":"https:\/\/netzwerke-21.de\/index.php?rest_route=\/wp\/v2\/posts"}],"about":[{"href":"https:\/\/netzwerke-21.de\/index.php?rest_route=\/wp\/v2\/types\/post"}],"author":[{"embeddable":true,"href":"https:\/\/netzwerke-21.de\/index.php?rest_route=\/wp\/v2\/users\/6"}],"replies":[{"embeddable":true,"href":"https:\/\/netzwerke-21.de\/index.php?rest_route=%2Fwp%2Fv2%2Fcomments&post=34256"}],"version-history":[{"count":1,"href":"https:\/\/netzwerke-21.de\/index.php?rest_route=\/wp\/v2\/posts\/34256\/revisions"}],"predecessor-version":[{"id":34257,"href":"https:\/\/netzwerke-21.de\/index.php?rest_route=\/wp\/v2\/posts\/34256\/revisions\/34257"}],"wp:attachment":[{"href":"https:\/\/netzwerke-21.de\/index.php?rest_route=%2Fwp%2Fv2%2Fmedia&parent=34256"}],"wp:term":[{"taxonomy":"category","embeddable":true,"href":"https:\/\/netzwerke-21.de\/index.php?rest_route=%2Fwp%2Fv2%2Fcategories&post=34256"},{"taxonomy":"post_tag","embeddable":true,"href":"https:\/\/netzwerke-21.de\/index.php?rest_route=%2Fwp%2Fv2%2Ftags&post=34256"}],"curies":[{"name":"wp","href":"https:\/\/api.w.org\/{rel}","templated":true}]}}