{"id":34251,"date":"2021-05-09T22:55:26","date_gmt":"2021-05-09T20:55:26","guid":{"rendered":"http:\/\/netzwerke-21.de\/?p=34251"},"modified":"2021-10-23T18:07:55","modified_gmt":"2021-10-23T16:07:55","slug":"debatte-ueber-ergaenzungsbahnhof","status":"publish","type":"post","link":"https:\/\/netzwerke-21.de\/?p=34251","title":{"rendered":"Debatte \u00fcber S21-Zusatzbahnhof"},"content":{"rendered":"<p><strong>StZPLus:<\/strong> <a title=\"\" href=\"https:\/\/www.stuttgarter-zeitung.de\/inhalt.schieneninfrastruktur-fuer-stuttgart-bahnknoten-gruene-in-der-region-fuer-pakt-mit-der-cdu.f869a5e4-b66a-4506-be8a-d31963c7535d.html?reduced=true\" target=\"_blank\" rel=\"noopener\">Krach bei Gr\u00fcnen wegen S-21-Erg\u00e4nzungshalt<\/a>: &#8222;<em>Im Rathaus gibt es nicht nur bei OB Frank Nopper von der CDU Widerstand gegen einen zus\u00e4tzlichen Bahnhof. Baub\u00fcrgermeister Peter P\u00e4tzold von den Gr\u00fcnen ist an Noppers Seite.&#8220;<\/em><\/p>\n<p><strong>StZ: <\/strong><a title=\"\" href=\"https:\/\/www.stuttgarter-zeitung.de\/inhalt.schieneninfrastruktur-fuer-stuttgart-bahnknoten-gruene-in-der-region-fuer-pakt-mit-der-cdu.f869a5e4-b66a-4506-be8a-d31963c7535d.html?reduced=true\" target=\"_blank\" rel=\"noopener\">Bahnknoten: Regional-Gr\u00fcne f\u00fcr Pakt mit der CDU<\/a>: &#8222;<em>Die Gr\u00fcnen im Regionalparlament erkl\u00e4ren den Streit \u00fcber die Zukunft des Bahnknotens Stuttgart f\u00fcr befriedet. Man wolle den Koalitionsvertrag gemeinsam mit CDU\/\u00d6DP auf regionaler Ebene umsetzen.&#8220;<\/em><\/p>\n<p><strong>StZPlus: <\/strong><a title=\"\" href=\"https:\/\/www.stuttgarter-zeitung.de\/inhalt.andreas-schwarz-ueber-den-koalitionsvertrag-alte-debatten-zu-stuttgart-21-interessieren-uns-nicht-mehr.9d47ea17-137e-4d16-ae1b-0cfda3b93aa4.html?reduced=true\" target=\"_blank\" rel=\"noopener\">\u201eAlte Debatten zu Stuttgart 21 interessieren uns nicht mehr\u201c<\/a>; &#8222;<em>Die angehende Koalition im Land habe sich politisch \u00fcber die Zukunft des Eisenbahnknotens verst\u00e4ndigt \u2013 jetzt gebe es klare Arbeitsauftr\u00e4ge. Das sagt der Chef der Gr\u00fcnen-Landtagsfraktion im Interview.&#8220;<\/em><\/p>\n<p><strong>StZ:<\/strong> <a title=\"\" href=\"https:\/\/www.stuttgarter-zeitung.de\/inhalt.ergaenzung-von-stuttgart-21-linksbuendnis-kritisiert-noppers-nein-zu-zusatzhalt.e9bba228-adfb-4d6a-b18f-08d4f530503a.html\" target=\"_blank\" rel=\"noopener\">Linksb\u00fcndnis kritisiert Noppers Nein zu Zusatzhalt<\/a>: &#8222;<em>Die Gegner von Stuttgart 21 monieren die Entscheidung des OB. Stadtentwicklung und Schieneninfrastruktur sei kein Gegensatz, sagen sie. Frank Nopper sieht das wohl anders.&#8220;<\/em><\/p>\n<p><strong>StZPlus:<\/strong> <a title=\"\" href=\"https:\/\/www.stuttgarter-zeitung.de\/inhalt.stuttgarts-ob-legt-sich-auf-wohnungsbau-fest-nopper-stellt-sich-ins-abseits.368b758e-31fb-424c-9337-e8917e69c6a1.html?reduced=true\" target=\"_blank\" rel=\"noopener\">Nopper stellt sich ins Abseits<\/a>: <em>&#8222;Der Stuttgarter Oberb\u00fcrgermeister pl\u00e4diert f\u00fcr uneingeschr\u00e4nkten Wohnungsbau auf den Stuttgart-21-Fl\u00e4chen und erinnert an den S-21-Finanzierungsvertrag. Er sollte sich der Diskussion stellen.&#8220;<\/em><\/p>\n<p><strong>StZPlus<\/strong>: <a title=\"\" href=\"https:\/\/www.stuttgarter-zeitung.de\/inhalt.reaktion-auf-koalitionsvertrag-stuttgarts-ob-nopper-lehnt-s-21-zusatzbahnhof-ab.5568d17a-ba4f-493b-b48e-bc43beb811c5.html?reduced=true\" target=\"_blank\" rel=\"noopener\">Stuttgarts OB Nopper lehnt S-21-Zusatzbahnhof ab<\/a>: &#8222;<em>Der Stadtchef fordert vom Land, Alternativen f\u00fcr den im Koalitionsvertrag angestrebten Neubau beim S-21-Bahnhof zu pr\u00fcfen, Wohnungsbau habe Vorrang.&#8220;<\/em><\/p>\n<p><strong>StN+:<\/strong> <a title=\"\" href=\"https:\/\/www.stuttgarter-nachrichten.de\/inhalt.diskussion-um-ergaenzungsstation-wo-stuttgart-21-noch-ergaenzt-werden-koennte.8224e91f-184e-4d71-afc6-2f7293278ef8.html\" target=\"_blank\" rel=\"noopener\"><span class=\"article-headline\">Wo Stuttgart\u200921 noch erg\u00e4nzt werden k\u00f6nnte<\/span><\/a>: &#8222;<em>Neben einem vom Land geforderten zus\u00e4tzlichen Tiefbahnhof in Stuttgart k\u00f6nnten noch weitere lange Bahntunnel in der Region entstehen. Ein \u00dcberblick \u00fcber die diskutierten Varianten.&#8220;<\/em><\/p>\n<p><strong>StN+<\/strong>: <span class=\"article-headline\"><a title=\"\" href=\"https:\/\/www.stuttgarter-nachrichten.de\/inhalt.diskussion-um-ergaenzungsstation-in-stuttgart-ueber-die-koepfe-hinweg.417e848d-3684-412d-a20f-36a9b0b35199.html\" target=\"_blank\" rel=\"noopener\">\u00dcber die K\u00f6pfe hinweg:<\/a> &#8222;<em>Man kann und muss den weiteren Ausbau des Schiennetzes rund um Stuttgart diskutieren. Die Art und Weise, wie das Verkehrsministerium dabei aber mit der Stadt Stuttgart umspringt, ist taktlos, kommentiert StN-Titelautor Christian Milankovic.&#8220;<\/em><br \/>\n<\/span><\/p>\n<p><strong>StN+:<\/strong> <a title=\"\" href=\"https:\/\/www.stuttgarter-nachrichten.de\/inhalt.schienenausbau-in-stuttgart-ergaenzungsstation-stadt-fuerchtet-um-ihre-grundstuecke.ebf2d7ba-aee4-47ef-ad78-3c4ce42d653c.html\" target=\"_blank\" rel=\"noopener\"><span class=\"article-headline\">Erg\u00e4nzungsstation: Stadt f\u00fcrchtet um ihre Grundst\u00fccke:\u00a0<\/span><\/a>&#8222;<em>Der Ton zwischen Stadt und Land wird rauer, der Konflikt um die Gleisfl\u00e4chen in Stuttgart nimmt an Sch\u00e4rfe zu. Nun geht Baub\u00fcrgermeister Peter P\u00e4tzold in einem Brief ans Verkehrsministerium hart mit der Machbarkeitsstudie f\u00fcr eine Erg\u00e4nzungsstation ins Gericht.&#8220;<\/em><\/p>\n<p><strong>Kontext:<\/strong> <a title=\"\" href=\"https:\/\/www.kontextwochenzeitung.de\/politik\/527\/ten-years-after-1-7483.html\" target=\"_blank\" rel=\"noopener\">Ten years after<\/a>: &#8222;<em>Ziemlich genau zehn Jahre zu sp\u00e4t hat die S\u00fcdwest-CDU einger\u00e4umt, dass der S-21-Tiefbahnhof nicht h\u00e4lt, was seine Fans so lange versprochen haben. Im neuen gr\u00fcn-schwarzen Koalitionsvertrag ist festgeschrieben, alle Chancen zu nutzen, um das \u00fcberfl\u00fcssigste aller DB-Projekte fortzuentwickeln.&#8220;<\/em><\/p>\n","protected":false},"excerpt":{"rendered":"<p>StZPLus: Krach bei Gr\u00fcnen wegen S-21-Erg\u00e4nzungshalt: &#8222;Im Rathaus gibt es nicht nur bei OB Frank Nopper von der CDU Widerstand gegen einen zus\u00e4tzlichen Bahnhof. Baub\u00fcrgermeister Peter P\u00e4tzold von den Gr\u00fcnen ist an Noppers Seite.&#8220; StZ: Bahnknoten: Regional-Gr\u00fcne f\u00fcr Pakt mit &hellip; <a href=\"https:\/\/netzwerke-21.de\/?p=34251\">Weiterlesen <span class=\"meta-nav\">&rarr;<\/span><\/a><\/p>\n","protected":false},"author":6,"featured_media":0,"comment_status":"closed","ping_status":"closed","sticky":false,"template":"","format":"standard","meta":{"footnotes":""},"categories":[39,63,26,58,53],"tags":[],"class_list":["post-34251","post","type-post","status-publish","format-standard","hentry","category-land-bw","category-leistungsfaehigkeit","category-stadt-stuttgart","category-tiefbahnhof","category-zeitplan"],"_links":{"self":[{"href":"https:\/\/netzwerke-21.de\/index.php?rest_route=\/wp\/v2\/posts\/34251","targetHints":{"allow":["GET"]}}],"collection":[{"href":"https:\/\/netzwerke-21.de\/index.php?rest_route=\/wp\/v2\/posts"}],"about":[{"href":"https:\/\/netzwerke-21.de\/index.php?rest_route=\/wp\/v2\/types\/post"}],"author":[{"embeddable":true,"href":"https:\/\/netzwerke-21.de\/index.php?rest_route=\/wp\/v2\/users\/6"}],"replies":[{"embeddable":true,"href":"https:\/\/netzwerke-21.de\/index.php?rest_route=%2Fwp%2Fv2%2Fcomments&post=34251"}],"version-history":[{"count":7,"href":"https:\/\/netzwerke-21.de\/index.php?rest_route=\/wp\/v2\/posts\/34251\/revisions"}],"predecessor-version":[{"id":34395,"href":"https:\/\/netzwerke-21.de\/index.php?rest_route=\/wp\/v2\/posts\/34251\/revisions\/34395"}],"wp:attachment":[{"href":"https:\/\/netzwerke-21.de\/index.php?rest_route=%2Fwp%2Fv2%2Fmedia&parent=34251"}],"wp:term":[{"taxonomy":"category","embeddable":true,"href":"https:\/\/netzwerke-21.de\/index.php?rest_route=%2Fwp%2Fv2%2Fcategories&post=34251"},{"taxonomy":"post_tag","embeddable":true,"href":"https:\/\/netzwerke-21.de\/index.php?rest_route=%2Fwp%2Fv2%2Ftags&post=34251"}],"curies":[{"name":"wp","href":"https:\/\/api.w.org\/{rel}","templated":true}]}}