{"id":34065,"date":"2021-01-06T16:52:31","date_gmt":"2021-01-06T14:52:31","guid":{"rendered":"http:\/\/netzwerke-21.de\/?p=34065"},"modified":"2021-01-06T16:52:31","modified_gmt":"2021-01-06T14:52:31","slug":"stn-der-flughafentunnel-waechst-taeglich-drei-meter","status":"publish","type":"post","link":"https:\/\/netzwerke-21.de\/?p=34065","title":{"rendered":"StN+: Der Flughafentunnel w\u00e4chst t\u00e4glich drei Meter"},"content":{"rendered":"<p><strong>StN+:<\/strong> <a title=\"\" href=\"https:\/\/www.stuttgarter-nachrichten.de\/inhalt.stuttgart-21-der-fildertunnel-waechst-taeglich-drei-meter.2b597ec3-cefc-4360-b460-d4b1497330de.html\" target=\"_blank\" rel=\"noopener\"><span class=\"article-headline\">Der Flughafentunnel w\u00e4chst t\u00e4glich drei Meter<\/span><\/a>: <em>&#8222;Jeden Tag wird der Tunnel, durch den die Z\u00fcge der Deutschen Bahn k\u00fcnftig den Flughafen anfahren, etwa drei Meter l\u00e4nger. Auf der Plieninger Seite der Autobahn fangen die beiden Tunnelr\u00f6hren an, die mittlerweile schon einmal unter der A8 durchf\u00fchren und nur noch 60 beziehungsweise 100 Meter von der Messepiazza entfernt sind. Im Inneren wird flei\u00dfig f\u00fcr die Neubaustrecke von Stuttgart 21 gebohrt, gebaggert und betoniert.&#8220;<\/em><\/p>\n","protected":false},"excerpt":{"rendered":"<p>StN+: Der Flughafentunnel w\u00e4chst t\u00e4glich drei Meter: &#8222;Jeden Tag wird der Tunnel, durch den die Z\u00fcge der Deutschen Bahn k\u00fcnftig den Flughafen anfahren, etwa drei Meter l\u00e4nger. Auf der Plieninger Seite der Autobahn fangen die beiden Tunnelr\u00f6hren an, die mittlerweile &hellip; <a href=\"https:\/\/netzwerke-21.de\/?p=34065\">Weiterlesen <span class=\"meta-nav\">&rarr;<\/span><\/a><\/p>\n","protected":false},"author":6,"featured_media":0,"comment_status":"closed","ping_status":"closed","sticky":false,"template":"","format":"standard","meta":{"footnotes":""},"categories":[8,71,46,53],"tags":[],"class_list":["post-34065","post","type-post","status-publish","format-standard","hentry","category-bauarbeiten","category-baufortschritt","category-filderbereich","category-zeitplan"],"_links":{"self":[{"href":"https:\/\/netzwerke-21.de\/index.php?rest_route=\/wp\/v2\/posts\/34065","targetHints":{"allow":["GET"]}}],"collection":[{"href":"https:\/\/netzwerke-21.de\/index.php?rest_route=\/wp\/v2\/posts"}],"about":[{"href":"https:\/\/netzwerke-21.de\/index.php?rest_route=\/wp\/v2\/types\/post"}],"author":[{"embeddable":true,"href":"https:\/\/netzwerke-21.de\/index.php?rest_route=\/wp\/v2\/users\/6"}],"replies":[{"embeddable":true,"href":"https:\/\/netzwerke-21.de\/index.php?rest_route=%2Fwp%2Fv2%2Fcomments&post=34065"}],"version-history":[{"count":1,"href":"https:\/\/netzwerke-21.de\/index.php?rest_route=\/wp\/v2\/posts\/34065\/revisions"}],"predecessor-version":[{"id":34066,"href":"https:\/\/netzwerke-21.de\/index.php?rest_route=\/wp\/v2\/posts\/34065\/revisions\/34066"}],"wp:attachment":[{"href":"https:\/\/netzwerke-21.de\/index.php?rest_route=%2Fwp%2Fv2%2Fmedia&parent=34065"}],"wp:term":[{"taxonomy":"category","embeddable":true,"href":"https:\/\/netzwerke-21.de\/index.php?rest_route=%2Fwp%2Fv2%2Fcategories&post=34065"},{"taxonomy":"post_tag","embeddable":true,"href":"https:\/\/netzwerke-21.de\/index.php?rest_route=%2Fwp%2Fv2%2Ftags&post=34065"}],"curies":[{"name":"wp","href":"https:\/\/api.w.org\/{rel}","templated":true}]}}