{"id":34055,"date":"2021-01-06T16:30:36","date_gmt":"2021-01-06T14:30:36","guid":{"rendered":"http:\/\/netzwerke-21.de\/?p=34055"},"modified":"2021-01-06T16:37:36","modified_gmt":"2021-01-06T14:37:36","slug":"kontext-gerichtlich-klaeren-wer-die-kosten-traegt","status":"publish","type":"post","link":"https:\/\/netzwerke-21.de\/?p=34055","title":{"rendered":"Kontext: &#8222;Gerichtlich kl\u00e4ren, wer die Kosten tr\u00e4gt&#8220; \/ Der neue OB und Stuttgart 21. Wundert\u00fcte zum Amtsantritt"},"content":{"rendered":"<p><strong>Kontext<\/strong>: <a title=\"\" href=\"https:\/\/www.kontextwochenzeitung.de\/debatte\/507\/gerichtlich-klaeren-wer-die-kosten-traegt-7187.html\" target=\"_blank\" rel=\"noopener\">&#8222;Gerichtlich kl\u00e4ren, wer die Kosten tr\u00e4gt&#8220;<\/a>: &#8222;<em>Wie sind die erneuten Mehrkosten bei S 21 zu bewerten, mit denen die Projektgesellschaft laut Kontext-Recherchen bereits kalkuliert? Was sollten die Konsequenzen sein? Projektpartner, ParlamentarierInnen und Verb\u00e4nde nehmen Stellung \u2013 oder auch nicht.&#8220;<\/em><\/p>\n<p><strong>Kontext: <\/strong><a title=\"\" href=\"https:\/\/www.kontextwochenzeitung.de\/debatte\/508\/wundertuete-zum-amtsantritt-7202.html\" target=\"_blank\" rel=\"noopener\">Der neue OB und Stuttgart 21. Wundert\u00fcte zum Amtsantritt<\/a>: <em>&#8222;Der k\u00fcnftige Stuttgarter OB Frank Nopper (CDU) freut sich schon auf die Er\u00f6ffnung von Stuttgart 21 und sieht das Projekt als Geschenk f\u00fcr die Stadt. Ob er schon wei\u00df, was ihm alles Vergn\u00fcgen bereiten wird? Kontext pr\u00e4sentiert eine kleine Auswahl.&#8220;<\/em><\/p>\n<div class=\"news-img-wrap-container mb-4\">\n<div id=\"single-article-slider\" class=\"news-img-wrap carousel slide\" data-interval=\"false\">\n<div class=\"carousel-inner\"><\/div>\n<\/div>\n<\/div>\n","protected":false},"excerpt":{"rendered":"<p>Kontext: &#8222;Gerichtlich kl\u00e4ren, wer die Kosten tr\u00e4gt&#8220;: &#8222;Wie sind die erneuten Mehrkosten bei S 21 zu bewerten, mit denen die Projektgesellschaft laut Kontext-Recherchen bereits kalkuliert? Was sollten die Konsequenzen sein? Projektpartner, ParlamentarierInnen und Verb\u00e4nde nehmen Stellung \u2013 oder auch nicht.&#8220; &hellip; <a href=\"https:\/\/netzwerke-21.de\/?p=34055\">Weiterlesen <span class=\"meta-nav\">&rarr;<\/span><\/a><\/p>\n","protected":false},"author":6,"featured_media":0,"comment_status":"closed","ping_status":"closed","sticky":false,"template":"","format":"standard","meta":{"footnotes":""},"categories":[46,62,59,39,63,26,64,53],"tags":[],"class_list":["post-34055","post","type-post","status-publish","format-standard","hentry","category-filderbereich","category-klageverfahren","category-kosten","category-land-bw","category-leistungsfaehigkeit","category-stadt-stuttgart","category-staedtebau","category-zeitplan"],"_links":{"self":[{"href":"https:\/\/netzwerke-21.de\/index.php?rest_route=\/wp\/v2\/posts\/34055","targetHints":{"allow":["GET"]}}],"collection":[{"href":"https:\/\/netzwerke-21.de\/index.php?rest_route=\/wp\/v2\/posts"}],"about":[{"href":"https:\/\/netzwerke-21.de\/index.php?rest_route=\/wp\/v2\/types\/post"}],"author":[{"embeddable":true,"href":"https:\/\/netzwerke-21.de\/index.php?rest_route=\/wp\/v2\/users\/6"}],"replies":[{"embeddable":true,"href":"https:\/\/netzwerke-21.de\/index.php?rest_route=%2Fwp%2Fv2%2Fcomments&post=34055"}],"version-history":[{"count":3,"href":"https:\/\/netzwerke-21.de\/index.php?rest_route=\/wp\/v2\/posts\/34055\/revisions"}],"predecessor-version":[{"id":34060,"href":"https:\/\/netzwerke-21.de\/index.php?rest_route=\/wp\/v2\/posts\/34055\/revisions\/34060"}],"wp:attachment":[{"href":"https:\/\/netzwerke-21.de\/index.php?rest_route=%2Fwp%2Fv2%2Fmedia&parent=34055"}],"wp:term":[{"taxonomy":"category","embeddable":true,"href":"https:\/\/netzwerke-21.de\/index.php?rest_route=%2Fwp%2Fv2%2Fcategories&post=34055"},{"taxonomy":"post_tag","embeddable":true,"href":"https:\/\/netzwerke-21.de\/index.php?rest_route=%2Fwp%2Fv2%2Ftags&post=34055"}],"curies":[{"name":"wp","href":"https:\/\/api.w.org\/{rel}","templated":true}]}}