{"id":34049,"date":"2020-12-14T00:59:20","date_gmt":"2020-12-13T22:59:20","guid":{"rendered":"http:\/\/netzwerke-21.de\/?p=34049"},"modified":"2020-12-14T00:59:20","modified_gmt":"2020-12-13T22:59:20","slug":"stzplus-so-frustriert-sind-die-buerger-ueber-staus-und-teure-bahntickets","status":"publish","type":"post","link":"https:\/\/netzwerke-21.de\/?p=34049","title":{"rendered":"StZPlus: So frustriert sind die B\u00fcrger \u00fcber Staus und teure Bahntickets"},"content":{"rendered":"<p><strong>StZPlus: <\/strong><a title=\"\" href=\"https:\/\/www.stuttgarter-zeitung.de\/inhalt.verkehrsumfrage-in-baden-wuerttemberg-so-frustriert-sind-die-buerger-ueber-staus-und-teure-bahntickets.96a1ed90-fee3-42c6-acfb-f4336baca3b1.html\" target=\"_blank\" rel=\"noopener\">So frustriert sind die B\u00fcrger \u00fcber Staus und teure Bahntickets<\/a>: <em>Eine Umfrage im Auftrag der Tageszeitungen in Baden-W\u00fcrttemberg zeigt ein \u00fcberraschendes Bild zum Verkehr. Eine Mehrheit will das Auto nutzen, ist gegen Stuttgart 21 und f\u00fcrs Tempolimit auf Autobahnen. [&#8230;] Bei der Volksabstimmung vor neun Jahren in Baden-W\u00fcrttemberg stimmten fast 59 Prozent f\u00fcr das umstrittene Bahnprojekt Stuttgart\u200921. Nun ergibt sich eine andere Stimmungslage im Land \u2013 heute sieht das Meinungsbild laut Allensbach-Umfrage im S\u00fcdwesten deutlich skeptischer gegen\u00fcber dem Gro\u00dfprojekt im Herzen der Stadt aus. Eine relative Mehrheit von 40 Prozent h\u00e4lt die Entscheidung f\u00fcr den Umbau des Stuttgarter Bahnhofs und die Neubaustrecke nach Ulm f\u00fcr \u201enicht richtig\u201c, nur 27 Prozent halten den Baubeschluss f\u00fcr richtig, der Rest ist unentschieden oder die Frage ist egal.&#8220;<\/em><\/p>\n","protected":false},"excerpt":{"rendered":"<p>StZPlus: So frustriert sind die B\u00fcrger \u00fcber Staus und teure Bahntickets: Eine Umfrage im Auftrag der Tageszeitungen in Baden-W\u00fcrttemberg zeigt ein \u00fcberraschendes Bild zum Verkehr. Eine Mehrheit will das Auto nutzen, ist gegen Stuttgart 21 und f\u00fcrs Tempolimit auf Autobahnen. &hellip; <a href=\"https:\/\/netzwerke-21.de\/?p=34049\">Weiterlesen <span class=\"meta-nav\">&rarr;<\/span><\/a><\/p>\n","protected":false},"author":6,"featured_media":0,"comment_status":"closed","ping_status":"closed","sticky":false,"template":"","format":"standard","meta":{"footnotes":""},"categories":[1],"tags":[],"class_list":["post-34049","post","type-post","status-publish","format-standard","hentry","category-allgemein"],"_links":{"self":[{"href":"https:\/\/netzwerke-21.de\/index.php?rest_route=\/wp\/v2\/posts\/34049","targetHints":{"allow":["GET"]}}],"collection":[{"href":"https:\/\/netzwerke-21.de\/index.php?rest_route=\/wp\/v2\/posts"}],"about":[{"href":"https:\/\/netzwerke-21.de\/index.php?rest_route=\/wp\/v2\/types\/post"}],"author":[{"embeddable":true,"href":"https:\/\/netzwerke-21.de\/index.php?rest_route=\/wp\/v2\/users\/6"}],"replies":[{"embeddable":true,"href":"https:\/\/netzwerke-21.de\/index.php?rest_route=%2Fwp%2Fv2%2Fcomments&post=34049"}],"version-history":[{"count":1,"href":"https:\/\/netzwerke-21.de\/index.php?rest_route=\/wp\/v2\/posts\/34049\/revisions"}],"predecessor-version":[{"id":34050,"href":"https:\/\/netzwerke-21.de\/index.php?rest_route=\/wp\/v2\/posts\/34049\/revisions\/34050"}],"wp:attachment":[{"href":"https:\/\/netzwerke-21.de\/index.php?rest_route=%2Fwp%2Fv2%2Fmedia&parent=34049"}],"wp:term":[{"taxonomy":"category","embeddable":true,"href":"https:\/\/netzwerke-21.de\/index.php?rest_route=%2Fwp%2Fv2%2Fcategories&post=34049"},{"taxonomy":"post_tag","embeddable":true,"href":"https:\/\/netzwerke-21.de\/index.php?rest_route=%2Fwp%2Fv2%2Ftags&post=34049"}],"curies":[{"name":"wp","href":"https:\/\/api.w.org\/{rel}","templated":true}]}}