{"id":34013,"date":"2020-11-30T23:12:30","date_gmt":"2020-11-30T21:12:30","guid":{"rendered":"http:\/\/netzwerke-21.de\/?p=34013"},"modified":"2020-12-01T00:10:43","modified_gmt":"2020-11-30T22:10:43","slug":"faz-mehr-gruen-ist-noch-kein-konzept","status":"publish","type":"post","link":"https:\/\/netzwerke-21.de\/?p=34013","title":{"rendered":"FAZ+: \u201eMehr Gr\u00fcn ist noch kein Konzept\u201c"},"content":{"rendered":"<p><strong>FAZ+: <\/strong><a title=\"\" href=\"https:\/\/www.faz.net\/aktuell\/stil\/drinnen-draussen\/stuttgart-21-architekt-christoph-ingenhoven-im-interview-17073716.html\" target=\"_blank\" rel=\"noopener\"><span class=\"atc-HeadlineText\">\u201eMehr Gr\u00fcn ist noch kein Konzept\u201c<\/span><\/a>: <em>&#8222;2025 soll der Bahnknoten Stuttgart 21 er\u00f6ffnen. Architekt Christoph Ingenhoven hat ihn geplant. Im Interview spricht er \u00fcber die Stadt der Zukunft, Stuttgarter Klein-Klein und den k\u00fcnftigen Oberb\u00fcrgermeister. [&#8230;] Wir werden Anfang 2021 eine Art Bergfest feiern, wenn 14 von 28 Lichtaugen des Bahnhofs fertig sind. Im Jahr 2023 wird der Bahnhof baulich fertig, 2025 dann komplett betriebsbereit sein. Alle zwei Monate besuche ich die Baustelle und stelle mit Freude fest, dass wir gut vorankommen.&#8220;<\/em><\/p>\n","protected":false},"excerpt":{"rendered":"<p>FAZ+: \u201eMehr Gr\u00fcn ist noch kein Konzept\u201c: &#8222;2025 soll der Bahnknoten Stuttgart 21 er\u00f6ffnen. Architekt Christoph Ingenhoven hat ihn geplant. Im Interview spricht er \u00fcber die Stadt der Zukunft, Stuttgarter Klein-Klein und den k\u00fcnftigen Oberb\u00fcrgermeister. [&#8230;] Wir werden Anfang 2021 &hellip; <a href=\"https:\/\/netzwerke-21.de\/?p=34013\">Weiterlesen <span class=\"meta-nav\">&rarr;<\/span><\/a><\/p>\n","protected":false},"author":6,"featured_media":0,"comment_status":"closed","ping_status":"closed","sticky":false,"template":"","format":"standard","meta":{"footnotes":""},"categories":[8,71,26,64,58,53],"tags":[],"class_list":["post-34013","post","type-post","status-publish","format-standard","hentry","category-bauarbeiten","category-baufortschritt","category-stadt-stuttgart","category-staedtebau","category-tiefbahnhof","category-zeitplan"],"_links":{"self":[{"href":"https:\/\/netzwerke-21.de\/index.php?rest_route=\/wp\/v2\/posts\/34013","targetHints":{"allow":["GET"]}}],"collection":[{"href":"https:\/\/netzwerke-21.de\/index.php?rest_route=\/wp\/v2\/posts"}],"about":[{"href":"https:\/\/netzwerke-21.de\/index.php?rest_route=\/wp\/v2\/types\/post"}],"author":[{"embeddable":true,"href":"https:\/\/netzwerke-21.de\/index.php?rest_route=\/wp\/v2\/users\/6"}],"replies":[{"embeddable":true,"href":"https:\/\/netzwerke-21.de\/index.php?rest_route=%2Fwp%2Fv2%2Fcomments&post=34013"}],"version-history":[{"count":3,"href":"https:\/\/netzwerke-21.de\/index.php?rest_route=\/wp\/v2\/posts\/34013\/revisions"}],"predecessor-version":[{"id":34036,"href":"https:\/\/netzwerke-21.de\/index.php?rest_route=\/wp\/v2\/posts\/34013\/revisions\/34036"}],"wp:attachment":[{"href":"https:\/\/netzwerke-21.de\/index.php?rest_route=%2Fwp%2Fv2%2Fmedia&parent=34013"}],"wp:term":[{"taxonomy":"category","embeddable":true,"href":"https:\/\/netzwerke-21.de\/index.php?rest_route=%2Fwp%2Fv2%2Fcategories&post=34013"},{"taxonomy":"post_tag","embeddable":true,"href":"https:\/\/netzwerke-21.de\/index.php?rest_route=%2Fwp%2Fv2%2Ftags&post=34013"}],"curies":[{"name":"wp","href":"https:\/\/api.w.org\/{rel}","templated":true}]}}