{"id":34003,"date":"2020-11-30T22:40:20","date_gmt":"2020-11-30T20:40:20","guid":{"rendered":"http:\/\/netzwerke-21.de\/?p=34003"},"modified":"2020-11-30T22:40:20","modified_gmt":"2020-11-30T20:40:20","slug":"stn-die-wolframstrasse-wird-zur-schikane","status":"publish","type":"post","link":"https:\/\/netzwerke-21.de\/?p=34003","title":{"rendered":"StN+: Die Wolframstra\u00dfe wird zur Schikane"},"content":{"rendered":"<p><strong>StN+:<\/strong> <a title=\"\" href=\"https:\/\/www.stuttgarter-nachrichten.de\/inhalt.baustelle-fuer-stuttgart-21-die-wolframstrasse-wird-zur-schikane.b78a16a9-65f7-46af-bf47-1f70b71007dc.html?reduced=true\" target=\"_blank\" rel=\"noopener\"><span class=\"article-headline\">Die Wolframstra\u00dfe wird zur Schikane:\u00a0\u00a0<\/span><\/a>&#8222;<em>Die Bahn baut im Zuge von Stuttgart\u200921 am neuen S-Bahn-Tunnel weiter und nimmt daf\u00fcr eine Umleitungsstrecke in Betrieb, die es in sich hat. Fu\u00dfg\u00e4nger und Radfahrer sollen per Warntafel auf Gegenverkehr hingewiesen, Autofahrer auf 30 Kilometer in der Stunde gebremst werden.&#8220;<\/em><\/p>\n","protected":false},"excerpt":{"rendered":"<p>StN+: Die Wolframstra\u00dfe wird zur Schikane:\u00a0\u00a0&#8222;Die Bahn baut im Zuge von Stuttgart\u200921 am neuen S-Bahn-Tunnel weiter und nimmt daf\u00fcr eine Umleitungsstrecke in Betrieb, die es in sich hat. Fu\u00dfg\u00e4nger und Radfahrer sollen per Warntafel auf Gegenverkehr hingewiesen, Autofahrer auf 30 &hellip; <a href=\"https:\/\/netzwerke-21.de\/?p=34003\">Weiterlesen <span class=\"meta-nav\">&rarr;<\/span><\/a><\/p>\n","protected":false},"author":6,"featured_media":0,"comment_status":"closed","ping_status":"closed","sticky":false,"template":"","format":"standard","meta":{"footnotes":""},"categories":[8,74,50,43,80,24],"tags":[],"class_list":["post-34003","post","type-post","status-publish","format-standard","hentry","category-bauarbeiten","category-fahrradwege","category-fusswege","category-nordbahnhofviertel","category-s-bahn","category-verkehr"],"_links":{"self":[{"href":"https:\/\/netzwerke-21.de\/index.php?rest_route=\/wp\/v2\/posts\/34003","targetHints":{"allow":["GET"]}}],"collection":[{"href":"https:\/\/netzwerke-21.de\/index.php?rest_route=\/wp\/v2\/posts"}],"about":[{"href":"https:\/\/netzwerke-21.de\/index.php?rest_route=\/wp\/v2\/types\/post"}],"author":[{"embeddable":true,"href":"https:\/\/netzwerke-21.de\/index.php?rest_route=\/wp\/v2\/users\/6"}],"replies":[{"embeddable":true,"href":"https:\/\/netzwerke-21.de\/index.php?rest_route=%2Fwp%2Fv2%2Fcomments&post=34003"}],"version-history":[{"count":1,"href":"https:\/\/netzwerke-21.de\/index.php?rest_route=\/wp\/v2\/posts\/34003\/revisions"}],"predecessor-version":[{"id":34004,"href":"https:\/\/netzwerke-21.de\/index.php?rest_route=\/wp\/v2\/posts\/34003\/revisions\/34004"}],"wp:attachment":[{"href":"https:\/\/netzwerke-21.de\/index.php?rest_route=%2Fwp%2Fv2%2Fmedia&parent=34003"}],"wp:term":[{"taxonomy":"category","embeddable":true,"href":"https:\/\/netzwerke-21.de\/index.php?rest_route=%2Fwp%2Fv2%2Fcategories&post=34003"},{"taxonomy":"post_tag","embeddable":true,"href":"https:\/\/netzwerke-21.de\/index.php?rest_route=%2Fwp%2Fv2%2Ftags&post=34003"}],"curies":[{"name":"wp","href":"https:\/\/api.w.org\/{rel}","templated":true}]}}