{"id":33941,"date":"2020-10-22T19:14:52","date_gmt":"2020-10-22T17:14:52","guid":{"rendered":"http:\/\/netzwerke-21.de\/?p=33941"},"modified":"2020-10-22T19:14:52","modified_gmt":"2020-10-22T17:14:52","slug":"stn-kein-interesse-an-gestaltung-der-bahnhofsflaechen","status":"publish","type":"post","link":"https:\/\/netzwerke-21.de\/?p=33941","title":{"rendered":"StN+: Kein Interesse an Gestaltung der Bahnhofsfl\u00e4chen"},"content":{"rendered":"<p><strong>StN+<\/strong>: <a title=\"\" href=\"https:\/\/www.stuttgarter-nachrichten.de\/inhalt.stuttgart-21-kein-interesse-an-gestaltung-der-bahnhofsflaechen.0459a1d0-89ec-496e-953b-35e2a60123db.html\" target=\"_blank\" rel=\"noopener\"><span class=\"article-headline\">Kein Interesse an Gestaltung der Bahnhofsfl\u00e4chen<\/span><\/a>: <em>&#8222;Die Bahn kann den Auftrag zur Gestaltung der Freifl\u00e4chen rund um den k\u00fcnftigen Bahnhof in Stuttgart nach einer europaweiten Suche mangels Angeboten nicht vergeben.&#8220;<\/em><\/p>\n","protected":false},"excerpt":{"rendered":"<p>StN+: Kein Interesse an Gestaltung der Bahnhofsfl\u00e4chen: &#8222;Die Bahn kann den Auftrag zur Gestaltung der Freifl\u00e4chen rund um den k\u00fcnftigen Bahnhof in Stuttgart nach einer europaweiten Suche mangels Angeboten nicht vergeben.&#8220;<\/p>\n","protected":false},"author":6,"featured_media":0,"comment_status":"closed","ping_status":"closed","sticky":false,"template":"","format":"standard","meta":{"footnotes":""},"categories":[21,73,58],"tags":[],"class_list":["post-33941","post","type-post","status-publish","format-standard","hentry","category-kernerviertel","category-oekologie","category-tiefbahnhof"],"_links":{"self":[{"href":"https:\/\/netzwerke-21.de\/index.php?rest_route=\/wp\/v2\/posts\/33941","targetHints":{"allow":["GET"]}}],"collection":[{"href":"https:\/\/netzwerke-21.de\/index.php?rest_route=\/wp\/v2\/posts"}],"about":[{"href":"https:\/\/netzwerke-21.de\/index.php?rest_route=\/wp\/v2\/types\/post"}],"author":[{"embeddable":true,"href":"https:\/\/netzwerke-21.de\/index.php?rest_route=\/wp\/v2\/users\/6"}],"replies":[{"embeddable":true,"href":"https:\/\/netzwerke-21.de\/index.php?rest_route=%2Fwp%2Fv2%2Fcomments&post=33941"}],"version-history":[{"count":1,"href":"https:\/\/netzwerke-21.de\/index.php?rest_route=\/wp\/v2\/posts\/33941\/revisions"}],"predecessor-version":[{"id":33942,"href":"https:\/\/netzwerke-21.de\/index.php?rest_route=\/wp\/v2\/posts\/33941\/revisions\/33942"}],"wp:attachment":[{"href":"https:\/\/netzwerke-21.de\/index.php?rest_route=%2Fwp%2Fv2%2Fmedia&parent=33941"}],"wp:term":[{"taxonomy":"category","embeddable":true,"href":"https:\/\/netzwerke-21.de\/index.php?rest_route=%2Fwp%2Fv2%2Fcategories&post=33941"},{"taxonomy":"post_tag","embeddable":true,"href":"https:\/\/netzwerke-21.de\/index.php?rest_route=%2Fwp%2Fv2%2Ftags&post=33941"}],"curies":[{"name":"wp","href":"https:\/\/api.w.org\/{rel}","templated":true}]}}