{"id":33926,"date":"2020-10-22T19:01:47","date_gmt":"2020-10-22T17:01:47","guid":{"rendered":"http:\/\/netzwerke-21.de\/?p=33926"},"modified":"2020-10-22T19:01:47","modified_gmt":"2020-10-22T17:01:47","slug":"stzn-s-bahn-netz-koennte-ausgeduennt-werden","status":"publish","type":"post","link":"https:\/\/netzwerke-21.de\/?p=33926","title":{"rendered":"StZN: S-Bahn-Netz k\u00f6nnte ausged\u00fcnnt werden"},"content":{"rendered":"<p><strong>StZN:<\/strong> <a title=\"\" href=\"https:\/\/www.stuttgarter-zeitung.de\/inhalt.stuttgart-21-s-bahn-netz-koennte-ausgeduennt-werden.717e8659-4952-47d1-8657-305d91c846ff.html\" target=\"_blank\" rel=\"noopener\">S-Bahn-Netz k\u00f6nnte ausged\u00fcnnt werden<\/a>: &#8222;<em>Wird Stuttgart 21 auf den Fildern \u2013 so wie bisher geplant \u2013 umgesetzt, k\u00f6nnte eine der bisherigen S-Bahn-Linien auf die Filder wegfallen. F\u00fcr Menschen, die dort arbeiten, aber nicht wohnen, w\u00fcrde das eine gr\u00f6\u00dfere Umstellung bedeuten.&#8220;<\/em><\/p>\n","protected":false},"excerpt":{"rendered":"<p>StZN: S-Bahn-Netz k\u00f6nnte ausged\u00fcnnt werden: &#8222;Wird Stuttgart 21 auf den Fildern \u2013 so wie bisher geplant \u2013 umgesetzt, k\u00f6nnte eine der bisherigen S-Bahn-Linien auf die Filder wegfallen. F\u00fcr Menschen, die dort arbeiten, aber nicht wohnen, w\u00fcrde das eine gr\u00f6\u00dfere Umstellung &hellip; <a href=\"https:\/\/netzwerke-21.de\/?p=33926\">Weiterlesen <span class=\"meta-nav\">&rarr;<\/span><\/a><\/p>\n","protected":false},"author":6,"featured_media":0,"comment_status":"closed","ping_status":"closed","sticky":false,"template":"","format":"standard","meta":{"footnotes":""},"categories":[46,63,80],"tags":[],"class_list":["post-33926","post","type-post","status-publish","format-standard","hentry","category-filderbereich","category-leistungsfaehigkeit","category-s-bahn"],"_links":{"self":[{"href":"https:\/\/netzwerke-21.de\/index.php?rest_route=\/wp\/v2\/posts\/33926","targetHints":{"allow":["GET"]}}],"collection":[{"href":"https:\/\/netzwerke-21.de\/index.php?rest_route=\/wp\/v2\/posts"}],"about":[{"href":"https:\/\/netzwerke-21.de\/index.php?rest_route=\/wp\/v2\/types\/post"}],"author":[{"embeddable":true,"href":"https:\/\/netzwerke-21.de\/index.php?rest_route=\/wp\/v2\/users\/6"}],"replies":[{"embeddable":true,"href":"https:\/\/netzwerke-21.de\/index.php?rest_route=%2Fwp%2Fv2%2Fcomments&post=33926"}],"version-history":[{"count":1,"href":"https:\/\/netzwerke-21.de\/index.php?rest_route=\/wp\/v2\/posts\/33926\/revisions"}],"predecessor-version":[{"id":33927,"href":"https:\/\/netzwerke-21.de\/index.php?rest_route=\/wp\/v2\/posts\/33926\/revisions\/33927"}],"wp:attachment":[{"href":"https:\/\/netzwerke-21.de\/index.php?rest_route=%2Fwp%2Fv2%2Fmedia&parent=33926"}],"wp:term":[{"taxonomy":"category","embeddable":true,"href":"https:\/\/netzwerke-21.de\/index.php?rest_route=%2Fwp%2Fv2%2Fcategories&post=33926"},{"taxonomy":"post_tag","embeddable":true,"href":"https:\/\/netzwerke-21.de\/index.php?rest_route=%2Fwp%2Fv2%2Ftags&post=33926"}],"curies":[{"name":"wp","href":"https:\/\/api.w.org\/{rel}","templated":true}]}}