{"id":33858,"date":"2020-09-21T21:42:54","date_gmt":"2020-09-21T19:42:54","guid":{"rendered":"http:\/\/netzwerke-21.de\/?p=33858"},"modified":"2020-09-21T21:42:54","modified_gmt":"2020-09-21T19:42:54","slug":"stzn-vcd-und-pro-bahn-fordern-dialog-stuttgart-21-plus-gaeubahn-soll-weiter-ins-stuttgarter-zentrum-fahren","status":"publish","type":"post","link":"https:\/\/netzwerke-21.de\/?p=33858","title":{"rendered":"StZN:  VCD und Pro Bahn fordern \u201eDialog Stuttgart 21 plus\u201c. G\u00e4ubahn soll weiter ins Stuttgarter Zentrum fahren"},"content":{"rendered":"<p><strong>StZN: <\/strong><a title=\"\" href=\"https:\/\/www.stuttgarter-zeitung.de\/inhalt.vcd-und-pro-bahn-fordern-dialog-stuttgart-21-plus-gaeubahn-soll-weiter-ins-stuttgarter-zentrum-fahren.a8dffcb2-5f28-4772-b24f-62297f5beae9.html\" target=\"_blank\" rel=\"noopener\">VCD und Pro Bahn fordern \u201eDialog Stuttgart 21 plus\u201c. G\u00e4ubahn soll weiter ins Stuttgarter Zentrum fahren<\/a>: <em>&#8222;\u00c4hnlich wie bei der bundesweit beachteten Schlichtung zu Stuttgart 21 soll auch \u00fcber die Frage, wie die G\u00e4ubahn an Stuttgart angeschlossen wird, ergebnisoffen diskutiert werden. Das fordern der Verkehrsclub Deutschland und der Fahrgastverband Pro Bahn. Und sie haben auch einen Vorschlag.&#8220;<\/em><\/p>\n","protected":false},"excerpt":{"rendered":"<p>StZN: VCD und Pro Bahn fordern \u201eDialog Stuttgart 21 plus\u201c. G\u00e4ubahn soll weiter ins Stuttgarter Zentrum fahren: &#8222;\u00c4hnlich wie bei der bundesweit beachteten Schlichtung zu Stuttgart 21 soll auch \u00fcber die Frage, wie die G\u00e4ubahn an Stuttgart angeschlossen wird, ergebnisoffen &hellip; <a href=\"https:\/\/netzwerke-21.de\/?p=33858\">Weiterlesen <span class=\"meta-nav\">&rarr;<\/span><\/a><\/p>\n","protected":false},"author":6,"featured_media":0,"comment_status":"closed","ping_status":"closed","sticky":false,"template":"","format":"standard","meta":{"footnotes":""},"categories":[46,39,63,43,80,58],"tags":[],"class_list":["post-33858","post","type-post","status-publish","format-standard","hentry","category-filderbereich","category-land-bw","category-leistungsfaehigkeit","category-nordbahnhofviertel","category-s-bahn","category-tiefbahnhof"],"_links":{"self":[{"href":"https:\/\/netzwerke-21.de\/index.php?rest_route=\/wp\/v2\/posts\/33858","targetHints":{"allow":["GET"]}}],"collection":[{"href":"https:\/\/netzwerke-21.de\/index.php?rest_route=\/wp\/v2\/posts"}],"about":[{"href":"https:\/\/netzwerke-21.de\/index.php?rest_route=\/wp\/v2\/types\/post"}],"author":[{"embeddable":true,"href":"https:\/\/netzwerke-21.de\/index.php?rest_route=\/wp\/v2\/users\/6"}],"replies":[{"embeddable":true,"href":"https:\/\/netzwerke-21.de\/index.php?rest_route=%2Fwp%2Fv2%2Fcomments&post=33858"}],"version-history":[{"count":1,"href":"https:\/\/netzwerke-21.de\/index.php?rest_route=\/wp\/v2\/posts\/33858\/revisions"}],"predecessor-version":[{"id":33859,"href":"https:\/\/netzwerke-21.de\/index.php?rest_route=\/wp\/v2\/posts\/33858\/revisions\/33859"}],"wp:attachment":[{"href":"https:\/\/netzwerke-21.de\/index.php?rest_route=%2Fwp%2Fv2%2Fmedia&parent=33858"}],"wp:term":[{"taxonomy":"category","embeddable":true,"href":"https:\/\/netzwerke-21.de\/index.php?rest_route=%2Fwp%2Fv2%2Fcategories&post=33858"},{"taxonomy":"post_tag","embeddable":true,"href":"https:\/\/netzwerke-21.de\/index.php?rest_route=%2Fwp%2Fv2%2Ftags&post=33858"}],"curies":[{"name":"wp","href":"https:\/\/api.w.org\/{rel}","templated":true}]}}