{"id":33783,"date":"2020-09-11T22:37:06","date_gmt":"2020-09-11T20:37:06","guid":{"rendered":"http:\/\/netzwerke-21.de\/?p=33783"},"modified":"2020-10-22T20:02:39","modified_gmt":"2020-10-22T18:02:39","slug":"stzn-christoph-ingenhoven-stadt-muss-schneller-planen","status":"publish","type":"post","link":"https:\/\/netzwerke-21.de\/?p=33783","title":{"rendered":"StN+: \u201eWir brauchen keine Zusatzstation\u201c \/ Pressemitteilung der Ingenieure22"},"content":{"rendered":"<p><strong>StN+<\/strong>:<a title=\"\" href=\"https:\/\/www.stuttgarter-nachrichten.de\/inhalt.bahnverkehr-in-stuttgart-wir-brauchen-keine-zusatzstation.b60e46e5-a490-4dbd-afab-b91ad3b9790d.html\" target=\"_blank\" rel=\"noopener\"> <span class=\"article-headline\">\u201eWir brauchen keine Zusatzstation\u201c<\/span><\/a>: &#8222;<em>Der Fahrplanchef der Deutschen Bahn im S\u00fcdwesten, R\u00fcdiger Wei\u00df, sieht keinen Bedarf f\u00fcr zus\u00e4tzliche Gleise in der City. Im kommenden Jahr soll der Fahrplanentwurf f\u00fcr den Zeitpunkt der Inbetriebnahme von Stuttgart\u200921 vorliegen.&#8220;<\/em><\/p>\n<p><strong>Pressemitteilung der Ingenieure22:<\/strong> U<a title=\"\" href=\"https:\/\/www.ingenieure22.de\/cms\/index.php\/presse\/279-2020-09-16-pm-rweiss-zusatzstation\" target=\"_blank\" rel=\"noopener\">nser Kommentar\u00a0zum Interview von Christian Milankovic (Stuttgarter Nachrichten) mit R\u00fcdiger Wei\u00df (DB Netz S\u00fcdwest) in den StN vom 9.9.2020: \u201eWir brauchen keine Zusatzstation&#8220;: \u00a0<\/a><em>&#8222;Die DB sorgt mit Stuttgart 21 schon immer f\u00fcr Irritationen, so auch R\u00fcdiger Wei\u00df, Fahrplanchef der DB Netz S\u00fcdwest. Das k\u00fcrzlich in den Stuttgarter Nachrichten publizierte Interview mit ihm l\u00e4sst bei der Gruppe Ingenieure22, die sich seit Jahren kritisch mit dem Vorhaben S21 befasst, Zweifel aufkommen, ob er versteht, worauf sich die Forderung nach einer Zusatzstation, also einem zus\u00e4tzlichen oder einem verbleibenden Rest des Kopfbahnhofs wirklich gr\u00fcndet. Vorneweg: Die Notwendigkeit einer Zusatzstation kann sicherlich nicht aus der zeitlichen \u201eFroschperspektive\u201c eines Fahrplans f\u00fcr 2026, sondern allenfalls aus der langfristigen Perspektive auf den Bahnbetrieb der n\u00e4chsten f\u00fcnf bis acht Jahrzehnte beurteilt werden.&#8220;<\/em><\/p>\n","protected":false},"excerpt":{"rendered":"<p>StN+: \u201eWir brauchen keine Zusatzstation\u201c: &#8222;Der Fahrplanchef der Deutschen Bahn im S\u00fcdwesten, R\u00fcdiger Wei\u00df, sieht keinen Bedarf f\u00fcr zus\u00e4tzliche Gleise in der City. Im kommenden Jahr soll der Fahrplanentwurf f\u00fcr den Zeitpunkt der Inbetriebnahme von Stuttgart\u200921 vorliegen.&#8220; Pressemitteilung der Ingenieure22: &hellip; <a href=\"https:\/\/netzwerke-21.de\/?p=33783\">Weiterlesen <span class=\"meta-nav\">&rarr;<\/span><\/a><\/p>\n","protected":false},"author":6,"featured_media":0,"comment_status":"closed","ping_status":"closed","sticky":false,"template":"","format":"standard","meta":{"footnotes":""},"categories":[85,63,58],"tags":[],"class_list":["post-33783","post","type-post","status-publish","format-standard","hentry","category-ingenieure22","category-leistungsfaehigkeit","category-tiefbahnhof"],"_links":{"self":[{"href":"https:\/\/netzwerke-21.de\/index.php?rest_route=\/wp\/v2\/posts\/33783","targetHints":{"allow":["GET"]}}],"collection":[{"href":"https:\/\/netzwerke-21.de\/index.php?rest_route=\/wp\/v2\/posts"}],"about":[{"href":"https:\/\/netzwerke-21.de\/index.php?rest_route=\/wp\/v2\/types\/post"}],"author":[{"embeddable":true,"href":"https:\/\/netzwerke-21.de\/index.php?rest_route=\/wp\/v2\/users\/6"}],"replies":[{"embeddable":true,"href":"https:\/\/netzwerke-21.de\/index.php?rest_route=%2Fwp%2Fv2%2Fcomments&post=33783"}],"version-history":[{"count":7,"href":"https:\/\/netzwerke-21.de\/index.php?rest_route=\/wp\/v2\/posts\/33783\/revisions"}],"predecessor-version":[{"id":33964,"href":"https:\/\/netzwerke-21.de\/index.php?rest_route=\/wp\/v2\/posts\/33783\/revisions\/33964"}],"wp:attachment":[{"href":"https:\/\/netzwerke-21.de\/index.php?rest_route=%2Fwp%2Fv2%2Fmedia&parent=33783"}],"wp:term":[{"taxonomy":"category","embeddable":true,"href":"https:\/\/netzwerke-21.de\/index.php?rest_route=%2Fwp%2Fv2%2Fcategories&post=33783"},{"taxonomy":"post_tag","embeddable":true,"href":"https:\/\/netzwerke-21.de\/index.php?rest_route=%2Fwp%2Fv2%2Ftags&post=33783"}],"curies":[{"name":"wp","href":"https:\/\/api.w.org\/{rel}","templated":true}]}}