{"id":33702,"date":"2020-07-27T22:20:05","date_gmt":"2020-07-27T20:20:05","guid":{"rendered":"http:\/\/netzwerke-21.de\/?p=33702"},"modified":"2020-07-27T22:20:16","modified_gmt":"2020-07-27T20:20:16","slug":"diskussion-ueber-gaeubahn-kappung-und-staedtebau-teil-2","status":"publish","type":"post","link":"https:\/\/netzwerke-21.de\/?p=33702","title":{"rendered":"Diskussion \u00fcber G\u00e4ubahn-Kappung und St\u00e4dtebau \/ Teil 2"},"content":{"rendered":"<p><strong>StN+<\/strong>: <a title=\"\" href=\"https:\/\/www.stuttgarter-nachrichten.de\/inhalt.stuttgart-21-und-staedtebau-ringen-um-den-rosenstein.51ff34cd-43cd-4ec1-99ef-1e567b452ad3.html?reduced=true\" target=\"_blank\" rel=\"noopener\"><span class=\"article-headline\">Ringen um den Rosenstein<\/span><\/a>: &#8222;<em>Stuttgarts Baub\u00fcrgermeister Peter P\u00e4tzold verteidigt die von der Stadt gekauften Fl\u00e4chen hinterm Hauptbahnhof mit Z\u00e4hnen und Klauen gegen von au\u00dfen formulierte Begehrlichkeiten. Eine von Verkehrsminister Winfried Hermann eingesetzte Arbeitsgruppe tagt seit einem Jahr ergebnislos.&#8220;<\/em><\/p>\n<p><strong>StZ:<\/strong> <a title=\"\" href=\"https:\/\/www.stuttgarter-zeitung.de\/inhalt.debatte-um-gaeubahn-und-co-im-stuttgarter-rathaus-gelten-die-bahn-plaene-als-gut-genug.8574e0d2-8bd0-4e97-befe-649fc90bb2ad.html\" target=\"_blank\" rel=\"noopener\">Im Stuttgarter Rathaus gelten die Bahn-Pl\u00e4ne als gut genug:\u00a0\u00a0<\/a><em>&#8222;Braucht der k\u00fcnftige Tiefbahnhof von Stuttgart eine unterirdische Erg\u00e4nzungsstation gleich nebenan? Die Verwaltungsspitze und die Mehrheit im Rathaus haben andere Priorit\u00e4ten.&#8220;<\/em><\/p>\n<p><strong>StZN:<\/strong> <a title=\"\" href=\"https:\/\/www.stuttgarter-nachrichten.de\/inhalt.ingenieure22-ueben-kritik-streit-um-zahl-der-stoerfaelle-im-s-bahn-netz.e855ca5c-9622-4290-8170-81feb106f309.html\" target=\"_blank\" rel=\"noopener\"><span class=\"article-headline\">Streit um Zahl der St\u00f6rf\u00e4lle im S-Bahn-Netz<\/span><\/a>: &#8222;<em>Wie labil ist das S-Bahn-System? M\u00fcssen wegen St\u00f6rungen im Jahr wirklich nur an etwa zehn Tagen S-Bahnen \u00fcber die Panoramastrecke der G\u00e4ubahn geschickt werden? Die Ingenieure22 werfen der Bahn das Sch\u00f6nen der Zahlen vor.&#8220;<\/em><\/p>\n","protected":false},"excerpt":{"rendered":"<p>StN+: Ringen um den Rosenstein: &#8222;Stuttgarts Baub\u00fcrgermeister Peter P\u00e4tzold verteidigt die von der Stadt gekauften Fl\u00e4chen hinterm Hauptbahnhof mit Z\u00e4hnen und Klauen gegen von au\u00dfen formulierte Begehrlichkeiten. Eine von Verkehrsminister Winfried Hermann eingesetzte Arbeitsgruppe tagt seit einem Jahr ergebnislos.&#8220; StZ: &hellip; <a href=\"https:\/\/netzwerke-21.de\/?p=33702\">Weiterlesen <span class=\"meta-nav\">&rarr;<\/span><\/a><\/p>\n","protected":false},"author":6,"featured_media":0,"comment_status":"closed","ping_status":"closed","sticky":false,"template":"","format":"standard","meta":{"footnotes":""},"categories":[46,85,39,63,80,26,64,58],"tags":[],"class_list":["post-33702","post","type-post","status-publish","format-standard","hentry","category-filderbereich","category-ingenieure22","category-land-bw","category-leistungsfaehigkeit","category-s-bahn","category-stadt-stuttgart","category-staedtebau","category-tiefbahnhof"],"_links":{"self":[{"href":"https:\/\/netzwerke-21.de\/index.php?rest_route=\/wp\/v2\/posts\/33702","targetHints":{"allow":["GET"]}}],"collection":[{"href":"https:\/\/netzwerke-21.de\/index.php?rest_route=\/wp\/v2\/posts"}],"about":[{"href":"https:\/\/netzwerke-21.de\/index.php?rest_route=\/wp\/v2\/types\/post"}],"author":[{"embeddable":true,"href":"https:\/\/netzwerke-21.de\/index.php?rest_route=\/wp\/v2\/users\/6"}],"replies":[{"embeddable":true,"href":"https:\/\/netzwerke-21.de\/index.php?rest_route=%2Fwp%2Fv2%2Fcomments&post=33702"}],"version-history":[{"count":5,"href":"https:\/\/netzwerke-21.de\/index.php?rest_route=\/wp\/v2\/posts\/33702\/revisions"}],"predecessor-version":[{"id":33711,"href":"https:\/\/netzwerke-21.de\/index.php?rest_route=\/wp\/v2\/posts\/33702\/revisions\/33711"}],"wp:attachment":[{"href":"https:\/\/netzwerke-21.de\/index.php?rest_route=%2Fwp%2Fv2%2Fmedia&parent=33702"}],"wp:term":[{"taxonomy":"category","embeddable":true,"href":"https:\/\/netzwerke-21.de\/index.php?rest_route=%2Fwp%2Fv2%2Fcategories&post=33702"},{"taxonomy":"post_tag","embeddable":true,"href":"https:\/\/netzwerke-21.de\/index.php?rest_route=%2Fwp%2Fv2%2Ftags&post=33702"}],"curies":[{"name":"wp","href":"https:\/\/api.w.org\/{rel}","templated":true}]}}