{"id":33698,"date":"2020-07-27T22:19:23","date_gmt":"2020-07-27T20:19:23","guid":{"rendered":"http:\/\/netzwerke-21.de\/?p=33698"},"modified":"2020-07-27T22:19:23","modified_gmt":"2020-07-27T20:19:23","slug":"stz-mineure-graben-in-richtung-airport-swr-an-zweiter-flughafentunnelroehre-wird-gebaut","status":"publish","type":"post","link":"https:\/\/netzwerke-21.de\/?p=33698","title":{"rendered":"StZ: Mineure graben in Richtung Airport \/ SWR: An zweiter Flughafentunnelr\u00f6hre wird gebaut"},"content":{"rendered":"<p><strong>StZ<\/strong>: <a title=\"\" href=\"https:\/\/www.stuttgarter-zeitung.de\/inhalt.tunnelbau-in-stuttgart-mineure-graben-in-richtung-airport.26d5d34b-40b3-4ca2-8c49-94917956b52d.html\" target=\"_blank\" rel=\"noopener\">Mineure graben in Richtung Airport<\/a>: &#8222;<em>Bei Stuttgart-Plieningen haben die Hauptarbeiten f\u00fcr den Bahntunnel zwischen der Neubaustrecke Stuttgart-Ulm und dem Flughafen begonnen. Zur Inbetriebnahme des Hauptbahnhofes soll er 2025 fertig werden. Damit sind aber knifflige Aufgaben verbunden.&#8220;<\/em><\/p>\n<p><strong>SWR:<\/strong> <a title=\"\" href=\"https:\/\/www.swr.de\/swraktuell\/baden-wuerttemberg\/stuttgart\/zweiter-tunnelanschlag-auf-den-fildern-100.html\" target=\"_blank\" rel=\"noopener\">An zweiter Flughafentunnelr\u00f6hre wird gebaut<\/a>: &#8222;<em>Mit einer kleinen Feier hat am Montag der Bau der zweiten Tunnelr\u00f6hre f\u00fcr das Gro\u00dfprojekt Stuttgart 21 am Flughafen begonnen. Der Bau der ersten R\u00f6hre ist bereits gestartet.&#8220;<\/em><\/p>\n","protected":false},"excerpt":{"rendered":"<p>StZ: Mineure graben in Richtung Airport: &#8222;Bei Stuttgart-Plieningen haben die Hauptarbeiten f\u00fcr den Bahntunnel zwischen der Neubaustrecke Stuttgart-Ulm und dem Flughafen begonnen. Zur Inbetriebnahme des Hauptbahnhofes soll er 2025 fertig werden. Damit sind aber knifflige Aufgaben verbunden.&#8220; SWR: An zweiter &hellip; <a href=\"https:\/\/netzwerke-21.de\/?p=33698\">Weiterlesen <span class=\"meta-nav\">&rarr;<\/span><\/a><\/p>\n","protected":false},"author":6,"featured_media":0,"comment_status":"closed","ping_status":"closed","sticky":false,"template":"","format":"standard","meta":{"footnotes":""},"categories":[71,40,46,39,63,53],"tags":[],"class_list":["post-33698","post","type-post","status-publish","format-standard","hentry","category-baufortschritt","category-bund","category-filderbereich","category-land-bw","category-leistungsfaehigkeit","category-zeitplan"],"_links":{"self":[{"href":"https:\/\/netzwerke-21.de\/index.php?rest_route=\/wp\/v2\/posts\/33698","targetHints":{"allow":["GET"]}}],"collection":[{"href":"https:\/\/netzwerke-21.de\/index.php?rest_route=\/wp\/v2\/posts"}],"about":[{"href":"https:\/\/netzwerke-21.de\/index.php?rest_route=\/wp\/v2\/types\/post"}],"author":[{"embeddable":true,"href":"https:\/\/netzwerke-21.de\/index.php?rest_route=\/wp\/v2\/users\/6"}],"replies":[{"embeddable":true,"href":"https:\/\/netzwerke-21.de\/index.php?rest_route=%2Fwp%2Fv2%2Fcomments&post=33698"}],"version-history":[{"count":2,"href":"https:\/\/netzwerke-21.de\/index.php?rest_route=\/wp\/v2\/posts\/33698\/revisions"}],"predecessor-version":[{"id":33707,"href":"https:\/\/netzwerke-21.de\/index.php?rest_route=\/wp\/v2\/posts\/33698\/revisions\/33707"}],"wp:attachment":[{"href":"https:\/\/netzwerke-21.de\/index.php?rest_route=%2Fwp%2Fv2%2Fmedia&parent=33698"}],"wp:term":[{"taxonomy":"category","embeddable":true,"href":"https:\/\/netzwerke-21.de\/index.php?rest_route=%2Fwp%2Fv2%2Fcategories&post=33698"},{"taxonomy":"post_tag","embeddable":true,"href":"https:\/\/netzwerke-21.de\/index.php?rest_route=%2Fwp%2Fv2%2Ftags&post=33698"}],"curies":[{"name":"wp","href":"https:\/\/api.w.org\/{rel}","templated":true}]}}