{"id":33685,"date":"2020-07-15T22:48:48","date_gmt":"2020-07-15T20:48:48","guid":{"rendered":"http:\/\/netzwerke-21.de\/?p=33685"},"modified":"2020-07-15T22:48:48","modified_gmt":"2020-07-15T20:48:48","slug":"stz-s-21-erfinder-denkt-an-ergaenzungsbahnhof-fuer-stuttgart-kontext-die-pirouetten-des-professors","status":"publish","type":"post","link":"https:\/\/netzwerke-21.de\/?p=33685","title":{"rendered":"StZ: S-21-Erfinder denkt an Erg\u00e4nzungsbahnhof f\u00fcr Stuttgart \/ Kontext: Die Pirouetten des Professors"},"content":{"rendered":"<p><strong>Kontext:<\/strong><a title=\"\" href=\"https:\/\/www.kontextwochenzeitung.de\/politik\/485\/die-pirouetten-des-professors-6868.html\" target=\"_blank\" rel=\"noopener\"> Die Pirouetten des Professors<\/a>: &#8222;<em>Verwirrung bei Stuttgart 21: Staatssekret\u00e4r Steffen Bilger erkl\u00e4rt die Umsetzung und Finanzierung eines neuen G\u00e4ubahntunnels schon als sicher. Und S-21-Erfinder Gerhard Heimerl bef\u00fcrwortet jetzt einen Erg\u00e4nzungskopfbahnhof. Damit erkl\u00e4rt er das Projekt im Grunde f\u00fcr unzul\u00e4nglich.&#8220;<\/em><\/p>\n<p><strong>StZ: <\/strong><a title=\"\" href=\"https:\/\/www.stuttgarter-zeitung.de\/inhalt.appell-von-gerhard-heimerl-s-21-erfinder-denkt-an-ergaenzungsbahnhof-fuer-stuttgart.9a6ee6bf-f2b3-4df0-95e7-77bbfe011e97.html\" target=\"_blank\" rel=\"noopener\">S-21-Erfinder denkt an Erg\u00e4nzungsbahnhof f\u00fcr Stuttgart<\/a>: &#8222;<em>Der Verkehrswissenschaftler Gerhard Heimerl h\u00e4lt weitere Ma\u00dfnahmen im Bahnknoten Stuttgart f\u00fcr noch dringlicher als zuvor, wenn beim Flughafen ein G\u00e4ubahntunnel gebaut wird. Zusammen mit dem Mobilit\u00e4tsberater Klaus Amler forderte er jetzt eine schnelle Kl\u00e4rung.&#8220;<\/em><\/p>\n<p><strong>StZPlus:<\/strong><a title=\"\" href=\"https:\/\/www.stuttgarter-zeitung.de\/inhalt.appell-von-s-21-erfinder-heimerl-nicht-nur-an-den-wohnungsbau-denken.194b6fac-493b-47ca-a638-a4bb96b7451b.html\" target=\"_blank\" rel=\"noopener\"> \u201eNicht nur an den Wohnungsbau denken\u201c<\/a>: <em>&#8222;Gerhard Heimerl, der geistige Vater von Stuttgart 21, fordert mehr Offenheit im Rathaus f\u00fcr die Pr\u00fcfung eines unterirdischen Erg\u00e4nzungsbahnhofs neben dem neuen Hauptbahnhof. Damit denkt er \u00e4hnlich wie Klaus Amler, ein fr\u00fcherer Kritiker des Bahnprojekts.&#8220;<\/em><\/p>\n","protected":false},"excerpt":{"rendered":"<p>Kontext: Die Pirouetten des Professors: &#8222;Verwirrung bei Stuttgart 21: Staatssekret\u00e4r Steffen Bilger erkl\u00e4rt die Umsetzung und Finanzierung eines neuen G\u00e4ubahntunnels schon als sicher. Und S-21-Erfinder Gerhard Heimerl bef\u00fcrwortet jetzt einen Erg\u00e4nzungskopfbahnhof. Damit erkl\u00e4rt er das Projekt im Grunde f\u00fcr unzul\u00e4nglich.&#8220; &hellip; <a href=\"https:\/\/netzwerke-21.de\/?p=33685\">Weiterlesen <span class=\"meta-nav\">&rarr;<\/span><\/a><\/p>\n","protected":false},"author":6,"featured_media":0,"comment_status":"closed","ping_status":"closed","sticky":false,"template":"","format":"standard","meta":{"footnotes":""},"categories":[46,63,26,64,58],"tags":[],"class_list":["post-33685","post","type-post","status-publish","format-standard","hentry","category-filderbereich","category-leistungsfaehigkeit","category-stadt-stuttgart","category-staedtebau","category-tiefbahnhof"],"_links":{"self":[{"href":"https:\/\/netzwerke-21.de\/index.php?rest_route=\/wp\/v2\/posts\/33685","targetHints":{"allow":["GET"]}}],"collection":[{"href":"https:\/\/netzwerke-21.de\/index.php?rest_route=\/wp\/v2\/posts"}],"about":[{"href":"https:\/\/netzwerke-21.de\/index.php?rest_route=\/wp\/v2\/types\/post"}],"author":[{"embeddable":true,"href":"https:\/\/netzwerke-21.de\/index.php?rest_route=\/wp\/v2\/users\/6"}],"replies":[{"embeddable":true,"href":"https:\/\/netzwerke-21.de\/index.php?rest_route=%2Fwp%2Fv2%2Fcomments&post=33685"}],"version-history":[{"count":2,"href":"https:\/\/netzwerke-21.de\/index.php?rest_route=\/wp\/v2\/posts\/33685\/revisions"}],"predecessor-version":[{"id":33689,"href":"https:\/\/netzwerke-21.de\/index.php?rest_route=\/wp\/v2\/posts\/33685\/revisions\/33689"}],"wp:attachment":[{"href":"https:\/\/netzwerke-21.de\/index.php?rest_route=%2Fwp%2Fv2%2Fmedia&parent=33685"}],"wp:term":[{"taxonomy":"category","embeddable":true,"href":"https:\/\/netzwerke-21.de\/index.php?rest_route=%2Fwp%2Fv2%2Fcategories&post=33685"},{"taxonomy":"post_tag","embeddable":true,"href":"https:\/\/netzwerke-21.de\/index.php?rest_route=%2Fwp%2Fv2%2Ftags&post=33685"}],"curies":[{"name":"wp","href":"https:\/\/api.w.org\/{rel}","templated":true}]}}