{"id":33646,"date":"2020-07-05T21:41:38","date_gmt":"2020-07-05T19:41:38","guid":{"rendered":"http:\/\/netzwerke-21.de\/?p=33646"},"modified":"2020-07-05T22:43:03","modified_gmt":"2020-07-05T20:43:03","slug":"debatte-um-neuen-gaeubahntunnel-am-stuttgarter-flughafen","status":"publish","type":"post","link":"https:\/\/netzwerke-21.de\/?p=33646","title":{"rendered":"Debatte um neuen G\u00e4ubahntunnel am Stuttgarter Flughafen"},"content":{"rendered":"<p><strong>Kontext:<\/strong> <a title=\"\" href=\"https:\/\/www.kontextwochenzeitung.de\/politik\/483\/tunnel-ohne-ende-6850.html\" target=\"_blank\" rel=\"noopener\">Tunnel ohne Ende<\/a>: <em>&#8222;Auf einmal sind f\u00fcr Stuttgart 21 ein neuer G\u00e4ubahntunnel auf den Fildern und zus\u00e4tzliche Gleise im Norden im Gespr\u00e4ch. Die sollen Probleme l\u00f6sen, die es ohne das Bahnhofsprojekt gar nicht g\u00e4be. Was nun als Verbesserung verkauft wird, ist nichts anderes als eine Bankrotterkl\u00e4rung.&#8220;<\/em><\/p>\n<p><strong>Pressemitteilung Aktionsb\u00fcndnis:<\/strong> <a title=\"\" href=\"https:\/\/www.parkschuetzer.de\/blog\/994\" target=\"_blank\" rel=\"noopener\">Nach dem Scheitern der S21-Filderplanung: Jetzt reinen Tisch machen!<\/a>: &#8222;<em>Mit den heute bekannt gewordenen Pl\u00e4nen von Bundesverkehrsministerium und CDU, zwischen Flughafen und Rohrer Kurve einen weiteren Tunnel zu bauen, wird de facto einger\u00e4umt, dass nach mehr als 25 Jahren Planung Stuttgart 21 an ganz zentraler Stelle nicht funktionieren w\u00fcrde.&#8220;<br \/>\n<\/em><\/p>\n<p><strong>StN: <\/strong><a title=\"\" href=\"https:\/\/www.stuttgarter-nachrichten.de\/inhalt.stuttgart-21-positives-echo-zu-neuen-plaenen-fuer-die-gaeubahn.54ee2bbf-4b65-474a-81ec-8ee22d96472d.html\" target=\"_blank\" rel=\"noopener\"><span class=\"article-headline\">Positives Echo zu neuen Pl\u00e4nen f\u00fcr die G\u00e4ubahn<\/span><\/a>:<em> &#8222;F\u00fcr die S-Bahn-Nutzer auf den Fildern k\u00f6nnte ein Umdenken bei der G\u00e4ubahntrasse Vorteile bedeuten. Entsprechend positiv sind die Reaktionen auf die neuesten Nachrichten zu dem Verkehrsprojekt im Rahmen von Stuttgart 21.&#8220;<\/em><\/p>\n<div class=\"news-img-wrap-container mb-4\">\n<div id=\"single-article-slider\" class=\"news-img-wrap carousel slide\" data-interval=\"false\">\n<div class=\"carousel-inner\">\n<figure class=\"mediaelement mediaelement-image carousel-item active\"><a title=\"Auch wenn es so scheint \u2013 da ist kein Licht am Ende. Fotos: Joachim E. R\u00f6ttgers\" href=\"https:\/\/www.kontextwochenzeitung.de\/fileadmin\/_processed_\/9\/1\/csm_Gaeubahn_jr_190909_4096_417863d545.jpg\" data-gallery=\"gallery\" data-toggle=\"lightbox\" data-footer=\"Auch wenn es so scheint \u2013 da ist kein Licht am Ende. Fotos: Joachim E. R\u00f6ttgers\"><picture><source srcset=\"\/fileadmin\/_processed_\/9\/1\/csm_Gaeubahn_jr_190909_4096_89ede5f7a2.jpg\" media=\"(min-width: 1200px)\" \/><source srcset=\"\/fileadmin\/_processed_\/9\/1\/csm_Gaeubahn_jr_190909_4096_3a06f61fb0.jpg, \/fileadmin\/_processed_\/9\/1\/csm_Gaeubahn_jr_190909_4096_2ec4808d3f.jpg\" media=\"(min-width: 992px)\" \/><source srcset=\"\/fileadmin\/_processed_\/9\/1\/csm_Gaeubahn_jr_190909_4096_16c7288fcf.jpg, \/fileadmin\/_processed_\/9\/1\/csm_Gaeubahn_jr_190909_4096_ec90830989.jpg\" media=\"(max-width: 767px)\" \/><\/picture><\/a><figcaption class=\"news-img-caption mt-2\"><\/figcaption><\/figure>\n<\/div>\n<\/div>\n<\/div>\n<p><strong>StZPlus<\/strong>: <a title=\"\" href=\"https:\/\/www.stuttgarter-zeitung.de\/inhalt.debatte-um-s-21-am-flughafen-bei-anrainern-der-gaeubahn-bleiben-wuensche-offen.b287895a-830d-4936-8d1e-17c356420b70.html\" target=\"_blank\" rel=\"noopener\"><em>Bei Anrainern der G\u00e4ubahn bleiben W\u00fcnsche offen<\/em><\/a>: &#8222;<em>Ein G\u00e4ubahn-Tunnel am Flughafen w\u00e4re ja sch\u00f6n und recht, meinen Guido Wolf (Justizminister) und Stefan Belz (B\u00f6blinger OB). Aber ein gro\u00dfes Problem bestehe fort, finden die beiden Interessensvertreter der G\u00e4ubahn-Anrainer.&#8220;<\/em><\/p>\n<p><strong>StZ<\/strong>: <a title=\"\" href=\"https:\/\/www.stuttgarter-nachrichten.de\/inhalt.stuttgart-21-hoffnung-fuer-tausende-s-bahn-passagiere.0f2e8150-b1e4-4d2e-aa54-f23c68d9090e.html\" target=\"_blank\" rel=\"noopener\"><span class=\"article-headline\">Hoffnung f\u00fcr Tausende S-Bahn-Passagiere<\/span><\/a>: &#8222;<em>Seit die Streckenf\u00fchrung der G\u00e4ubahn auf den Fildern wieder neu diskutiert wird, fragt man sich in Filderstadt: Kommt man vielleicht doch noch um die einj\u00e4hrige Sperrung nach Bernhausen herum?&#8220;<\/em><\/p>\n<p><strong>Schw\u00e4bische: <\/strong><a title=\"\" href=\"https:\/\/www.tagblatt.de\/Nachrichten\/Verlaengert-sich-Kappung-der-Gaeubahn-462844.html\" target=\"_blank\" rel=\"noopener\">Verl\u00e4ngert sich Kappung der G\u00e4ubahn? Neuer Tunnel k\u00f6nnte fr\u00fchestens 2030 fertig sein, Kretschmann dr\u00e4ngt zur Eile:\u00a0<\/a><em>&#8222;Nach Berichten \u00fcber \u00dcberlegungen des Bundes, die G\u00e4ubahn durch einen neuen Tunnel zum Stuttgarter Flughafen zu f\u00fchren, bef\u00fcrchten Fahrgastvertreter und die Gemeinden entlang der G\u00e4ubahn eine jahrelange Unterbrechung der Strecke und Fahrzeitverl\u00e4ngerungen.&#8220;<\/em><\/p>\n<p><strong>Pressemeldung VCD:<\/strong> <a title=\"\" href=\"https:\/\/www.lifepr.de\/inaktiv\/vcd-landesverband-baden-wuerttemberg-ev\/VCD-begruesst-Neuplanung-der-Gaeubahnanbindung-bei-Stuttgart-21-und-fordert-Umplanung-auch-beim-Flughafenbahnhof\/boxid\/804901\" target=\"_blank\" rel=\"noopener\">VCD begr\u00fc\u00dft Neuplanung der G\u00e4ubahnanbindung bei Stuttgart 21 und fordert Umplanung auch beim Flughafenbahnhof<\/a>: &#8222;<em>Die neuen Pl\u00e4ne f\u00fcr die G\u00e4ubahnanbindung an den Flughafen im Rahmen des Projektes Stuttgart 21 werden vom \u00f6kologischen Verkehrsclub Deutschland (VCD) grunds\u00e4tzlich begr\u00fc\u00dft: \u201eDie bisherige Planung mit Ausnahmegenehmigungen und ICE-Z\u00fcgen auf der Filder-S-Bahn war Murks. Wenn S-Bahnen und Fernz\u00fcge auf jeweils eigenen Gleisen fahren, wird ein langj\u00e4hriger Kritikpunkt des VCD beseitigt.&#8220;<\/em><\/p>\n<p><strong>StZ:<\/strong> <a title=\"\" href=\"https:\/\/www.stuttgarter-zeitung.de\/inhalt.cdu-vorstoss-hat-folgen-projektkritiker-alte-planung-am-flughafen-sofort-stoppen.3c972266-1246-4427-8bea-4b2a6898e2ad.html\" target=\"_blank\" rel=\"noopener\">G\u00e4ubahn am Stuttgarter Flughafen. Projektkritiker: Alte Planung sofort stoppen:<\/a> <em>&#8222;Der Verkehrsstaatssekret\u00e4r Steffen Bilger von der CDU k\u00fcndigte eine neue Planung f\u00fcr die G\u00e4ubahn am Flughafen an \u2013 prompt dringen die Projektkritiker auf einen Stopp der laufenden Verfahren. Die Forderungen kommen von mehreren Seiten.&#8220;<\/em><\/p>\n<p><strong>Pressemeldung Die Fr Aktion: <\/strong><a title=\"\" href=\"https:\/\/soeslinkeplus.de\/2020\/06\/neuer-tunnelwahnsinn-und-die-zwei-milliarden-luege-der-bahn-ag\/\" target=\"_blank\" rel=\"noopener\">Neuer Tunnelwahnsinn und die Zwei-Milliarden-L\u00fcge der Bahn AG<\/a>:\u00a0 <em>&#8222;Noch im Juli 2019 hat der Konzernbevollm\u00e4chtigte Thorsten Krenz dem Gemeinderat voller \u00dcberzeugung gesagt: \u201eDer neue Knoten ist f\u00fcr den Deutschland-Takt bestens vorbereitet\u201c. Acht Monate sp\u00e4ter, im M\u00e4rz 2020 werden Pl\u00e4ne bekannt, nach denen die Schnellfahrstrecke in Richtung Mannheim mit einem weiteren zehn Kilometer langen Tunnel angebunden werden soll.&#8220;<\/em><\/p>\n<p><strong>heidelberg24:<\/strong> <a title=\"\" href=\"https:\/\/www.heidelberg24.de\/baden-wuerttemberg\/stuttgart-21-gaeubahn-tunnel-flughafen-bundbahnprojekt-winfried-kretschmann-kosten-finanzierung-zr-90006179.html\" target=\"_blank\" rel=\"noopener\">Winfried Kretschmann \u00fcberrascht mit Gest\u00e4ndnis zu Stuttgart 21: Gegner hatten Recht<\/a>: &#8222;<em>Ein neuer Tunnel soll die G\u00e4ubahn an den Flughafen Stuttgart anbinden. Zu den Pl\u00e4nen des Bundesverkehrsministeriums \u00e4u\u00dferte sich jetzt Winfried Kretschmann.&#8220;<\/em><\/p>\n","protected":false},"excerpt":{"rendered":"<p>Kontext: Tunnel ohne Ende: &#8222;Auf einmal sind f\u00fcr Stuttgart 21 ein neuer G\u00e4ubahntunnel auf den Fildern und zus\u00e4tzliche Gleise im Norden im Gespr\u00e4ch. Die sollen Probleme l\u00f6sen, die es ohne das Bahnhofsprojekt gar nicht g\u00e4be. Was nun als Verbesserung verkauft &hellip; <a href=\"https:\/\/netzwerke-21.de\/?p=33646\">Weiterlesen <span class=\"meta-nav\">&rarr;<\/span><\/a><\/p>\n","protected":false},"author":6,"featured_media":0,"comment_status":"closed","ping_status":"closed","sticky":false,"template":"","format":"standard","meta":{"footnotes":""},"categories":[40,23,46,59,39,13,63,34,80,53],"tags":[],"class_list":["post-33646","post","type-post","status-publish","format-standard","hentry","category-bund","category-eroerterung","category-filderbereich","category-kosten","category-land-bw","category-laerm","category-leistungsfaehigkeit","category-planfeststellung","category-s-bahn","category-zeitplan"],"_links":{"self":[{"href":"https:\/\/netzwerke-21.de\/index.php?rest_route=\/wp\/v2\/posts\/33646","targetHints":{"allow":["GET"]}}],"collection":[{"href":"https:\/\/netzwerke-21.de\/index.php?rest_route=\/wp\/v2\/posts"}],"about":[{"href":"https:\/\/netzwerke-21.de\/index.php?rest_route=\/wp\/v2\/types\/post"}],"author":[{"embeddable":true,"href":"https:\/\/netzwerke-21.de\/index.php?rest_route=\/wp\/v2\/users\/6"}],"replies":[{"embeddable":true,"href":"https:\/\/netzwerke-21.de\/index.php?rest_route=%2Fwp%2Fv2%2Fcomments&post=33646"}],"version-history":[{"count":10,"href":"https:\/\/netzwerke-21.de\/index.php?rest_route=\/wp\/v2\/posts\/33646\/revisions"}],"predecessor-version":[{"id":33673,"href":"https:\/\/netzwerke-21.de\/index.php?rest_route=\/wp\/v2\/posts\/33646\/revisions\/33673"}],"wp:attachment":[{"href":"https:\/\/netzwerke-21.de\/index.php?rest_route=%2Fwp%2Fv2%2Fmedia&parent=33646"}],"wp:term":[{"taxonomy":"category","embeddable":true,"href":"https:\/\/netzwerke-21.de\/index.php?rest_route=%2Fwp%2Fv2%2Fcategories&post=33646"},{"taxonomy":"post_tag","embeddable":true,"href":"https:\/\/netzwerke-21.de\/index.php?rest_route=%2Fwp%2Fv2%2Ftags&post=33646"}],"curies":[{"name":"wp","href":"https:\/\/api.w.org\/{rel}","templated":true}]}}