{"id":33641,"date":"2020-07-05T21:24:12","date_gmt":"2020-07-05T19:24:12","guid":{"rendered":"http:\/\/netzwerke-21.de\/?p=33641"},"modified":"2020-07-05T22:10:09","modified_gmt":"2020-07-05T20:10:09","slug":"bund-prueft-tunnel-am-flughafen-fuer-die-gaeubahn","status":"publish","type":"post","link":"https:\/\/netzwerke-21.de\/?p=33641","title":{"rendered":"Neuer Tunnel am Flughafen f\u00fcr die G\u00e4ubahn?"},"content":{"rendered":"<p><strong>StN+: <\/strong><a title=\"\" href=\"https:\/\/www.stuttgarter-nachrichten.de\/inhalt.neue-plaene-auf-den-fildern-gaeubahn-in-den-tunnel.f7c87ae5-6e2b-4e7e-9cf0-26a8e9bba1ac.html?reduced=true\" target=\"_blank\" rel=\"noopener\"><span class=\"article-headline\">G\u00e4ubahn in den Tunnel?<\/span><\/a>: <em>&#8222;F\u00fcr den Deutschland-Takt, einem Fahrplankonzept f\u00fcr bessere Anschl\u00fcsse und k\u00fcrzere Reisezeiten, pr\u00fcft der Bund derzeit, wo das deutsche Schienennetz ausgebaut werden muss. \u00dcberraschend kommt nun ein weiterer Tunnel auf den Fildern s\u00fcdlich von Stuttgart ins Gespr\u00e4ch.&#8220;<\/em><\/p>\n<p><strong>StZPlus:<\/strong> <a title=\"\" href=\"https:\/\/www.stuttgarter-zeitung.de\/inhalt.planaenderung-bei-stuttgart-21-fuer-gaeubahn-wird-am-flughafen-ein-weiterer-tunnel-angepeilt.b6e676a6-e2cf-4ca1-b110-85e23b49f1c8.html?reduced=true\" target=\"_blank\" rel=\"noopener\">F\u00fcr G\u00e4ubahn wird am Flughafen ein weiterer Tunnel angepeilt<\/a>: &#8222;<em>Die Rohrer Kurve k\u00f6nnte nun doch dem S-Bahn-Verkehr vorbehalten bleiben. Das w\u00fcrde Mischverkehr und weiteren L\u00e4rm f\u00fcr die Anwohner vermeiden. Im Moment ist das aber noch eine Empfehlung von Gutachtern.&#8220;<\/em><\/p>\n<p><strong>StZ: <\/strong><a title=\"\" href=\"https:\/\/www.stuttgarter-zeitung.de\/inhalt.aenderungen-fuer-stuttgart-21-auf-den-fildern-land-begruesst-plaene-fuer-neuen-gaeubahntunnel.2b334cd2-6332-42d1-85db-616d77e6d95c.html\">Land begr\u00fc\u00dft Pl\u00e4ne f\u00fcr neuen G\u00e4ubahntunnel<\/a>: &#8222;<em>Die bisherigen Pl\u00e4ne zur Mitnutzung der S-Bahn-Gleise auf den Fildern durch Fern- und Regionalz\u00fcge k\u00f6nnten sich \u00e4ndern. Der teure alternative Tunnelbau k\u00e4me aber nicht vor 2030.&#8220;<\/em><\/p>\n<p><strong>StN+:<\/strong> <a title=\"\" href=\"https:\/\/www.stuttgarter-nachrichten.de\/inhalt.schienenausbau-auf-den-fildern-verkehrsminister-gibt-sich-verhalten-zu-gaeubahntunnel.0fb66388-a811-4336-9a88-956965d71fc3.html?reduced=true\" target=\"_blank\" rel=\"noopener\"><span class=\"article-headline\">Verkehrsminister gibt sich verhalten zu G\u00e4ubahntunnel<\/span><\/a>: <em>&#8222;Landesverkehrsminister Winfried Hermann (Gr\u00fcne) begr\u00fc\u00dft die Idee eines neuen Tunnels auf den Fildern, verweist aber auf lange Planungs- und Realisierungszeitr\u00e4ume. Der Koalitionspartner von der CDU sieht hingegen den gro\u00dfen Wurf \u2013 und h\u00e4tte sich im Vorfeld mehr Unterst\u00fctzung gew\u00fcnscht.&#8220;<\/em><\/p>\n<p><strong>SWP:<\/strong> <a title=\"\" href=\"https:\/\/www.swp.de\/suedwesten\/staedte\/stuttgart\/deutschlandtakt-stuttgart-21-gaeubahn-tunnel-milliarden-projekt-medienberichte-bund-plant-47337445.html\" target=\"_blank\" rel=\"noopener\">&#8222;Eine Milliarde plus X\u201c: Bund plant offenbar neuen Tunnel f\u00fcr die G\u00e4ubahn<\/a>: &#8222;<em>Das Gro\u00dfprojekt Stuttgart 21 soll offenbar um einen weiteren Tunnel erg\u00e4nzt werden. Laut \u00fcbereinstimmenden Medienberichten plant der Bund eine milliardenschwere Erweiterung.&#8220;<\/em><\/p>\n<p><strong>SWR<\/strong>:<a title=\"\" href=\"https:\/\/www.swr.de\/swraktuell\/baden-wuerttemberg\/stuttgart\/stuttgart-21-bahnprojekt-gaeubahn-tunnel-gutachten-100.html\" target=\"_blank\" rel=\"noopener\"> Bahn will G\u00e4ubahn-Strecke in Deutschlandtakt einbinden<\/a>: &#8222;<em>Die G\u00e4ubahn: Nadel\u00f6hr und wichtig f\u00fcr p\u00fcnktliches Zugfahren. Die Deutsche Bahn hat am Dienstag best\u00e4tigt, dass die G\u00e4ubahn beim Deutschlandtakt eine Rolle spielen soll. Aber konkret wurde man nicht.&#8220;<\/em><\/p>\n<p><strong>SZ:<\/strong> <a title=\"\" href=\"https:\/\/www.sueddeutsche.de\/wirtschaft\/verkehr-stuttgart-kretschmann-zu-tunnelplaenen-finanzierung-muss-sicher-sein-dpa.urn-newsml-dpa-com-20090101-200630-99-619119\" target=\"_blank\" rel=\"noopener\"><span class=\"css-1kuo4az\">Kretschmann zu Tunnelpl\u00e4nen: &#8222;Finanzierung muss sicher sein&#8220;<\/span><\/a>:<em> &#8222;Beim Bau eines neuen G\u00e4ubahn-Tunnels muss aus Sicht von Ministerpr\u00e4sident Winfried Kretschmann (Gr\u00fcne) die Finanzierung sichergestellt sein. Tunnel l\u00f6sten viele Probleme, seien aber teuer, sagte er am Dienstag in Stuttgart. Zudem sei ein solches Projekt zeitlich h\u00f6chst ambitioniert.&#8220;<\/em><\/p>\n<p><strong>StZPlus:<\/strong> <a title=\"\" href=\"https:\/\/www.stuttgarter-zeitung.de\/inhalt.debatte-um-bahnknoten-stuttgart-staatssekretaer-bilger-verspricht-gaeubahn-tunnel-am-airport.ff77bcbb-9662-4d95-a796-a232ae20f561.html?reduced=true\" target=\"_blank\" rel=\"noopener\">Staatssekret\u00e4r Bilger verspricht G\u00e4ubahn-Tunnel am Airport<\/a>: <em>&#8222;Manche halten die Finanzierung des neuen Plans, mit dem der Bahnknoten Stuttgart besser werden soll, f\u00fcr nicht gel\u00f6st. Der Staatssekret\u00e4r und CDU-Bundestagsabgeordnete aus dem Wahlkreis Ludwigsburg aber vermeldet vollendete Tatsachen.&#8220;<\/em><\/p>\n<p><strong>StZPlus: <\/strong><a title=\"\" href=\"https:\/\/www.stuttgarter-zeitung.de\/inhalt.ringen-um-s-21-bahnknoten-stuttgart-riskantes-spiel-des-forschen-staatssekretaers.5298ce07-a7cc-4e0d-bece-6043f99b180a.html?reduced=true\" target=\"_blank\" rel=\"noopener\">Ringen um S-21-Bahnknoten Stuttgart. Riskantes Spiel des forschen Staatssekret\u00e4rs<\/a>:<em> &#8222;Steffen Bilger verspricht dem Land einen G\u00e4ubahn-Tunnel beim Flughafen, an den noch nicht alle Beteiligten und Beobachter glauben. Wenn er das Versprechen nicht h\u00e4lt, kann er einpacken, meint Josef Schunder im Kommentar.&#8220;<\/em><\/p>\n","protected":false},"excerpt":{"rendered":"<p>StN+: G\u00e4ubahn in den Tunnel?: &#8222;F\u00fcr den Deutschland-Takt, einem Fahrplankonzept f\u00fcr bessere Anschl\u00fcsse und k\u00fcrzere Reisezeiten, pr\u00fcft der Bund derzeit, wo das deutsche Schienennetz ausgebaut werden muss. \u00dcberraschend kommt nun ein weiterer Tunnel auf den Fildern s\u00fcdlich von Stuttgart ins &hellip; <a href=\"https:\/\/netzwerke-21.de\/?p=33641\">Weiterlesen <span class=\"meta-nav\">&rarr;<\/span><\/a><\/p>\n","protected":false},"author":6,"featured_media":0,"comment_status":"closed","ping_status":"closed","sticky":false,"template":"","format":"standard","meta":{"footnotes":""},"categories":[40,46,59,39,13,34,80,53],"tags":[],"class_list":["post-33641","post","type-post","status-publish","format-standard","hentry","category-bund","category-filderbereich","category-kosten","category-land-bw","category-laerm","category-planfeststellung","category-s-bahn","category-zeitplan"],"_links":{"self":[{"href":"https:\/\/netzwerke-21.de\/index.php?rest_route=\/wp\/v2\/posts\/33641","targetHints":{"allow":["GET"]}}],"collection":[{"href":"https:\/\/netzwerke-21.de\/index.php?rest_route=\/wp\/v2\/posts"}],"about":[{"href":"https:\/\/netzwerke-21.de\/index.php?rest_route=\/wp\/v2\/types\/post"}],"author":[{"embeddable":true,"href":"https:\/\/netzwerke-21.de\/index.php?rest_route=\/wp\/v2\/users\/6"}],"replies":[{"embeddable":true,"href":"https:\/\/netzwerke-21.de\/index.php?rest_route=%2Fwp%2Fv2%2Fcomments&post=33641"}],"version-history":[{"count":10,"href":"https:\/\/netzwerke-21.de\/index.php?rest_route=\/wp\/v2\/posts\/33641\/revisions"}],"predecessor-version":[{"id":33664,"href":"https:\/\/netzwerke-21.de\/index.php?rest_route=\/wp\/v2\/posts\/33641\/revisions\/33664"}],"wp:attachment":[{"href":"https:\/\/netzwerke-21.de\/index.php?rest_route=%2Fwp%2Fv2%2Fmedia&parent=33641"}],"wp:term":[{"taxonomy":"category","embeddable":true,"href":"https:\/\/netzwerke-21.de\/index.php?rest_route=%2Fwp%2Fv2%2Fcategories&post=33641"},{"taxonomy":"post_tag","embeddable":true,"href":"https:\/\/netzwerke-21.de\/index.php?rest_route=%2Fwp%2Fv2%2Ftags&post=33641"}],"curies":[{"name":"wp","href":"https:\/\/api.w.org\/{rel}","templated":true}]}}