{"id":33632,"date":"2020-06-22T23:44:11","date_gmt":"2020-06-22T21:44:11","guid":{"rendered":"http:\/\/netzwerke-21.de\/?p=33632"},"modified":"2020-07-05T22:53:40","modified_gmt":"2020-07-05T20:53:40","slug":"kritik-am-verzoegerten-wohnungsbau","status":"publish","type":"post","link":"https:\/\/netzwerke-21.de\/?p=33632","title":{"rendered":"Heftige Kritik am verz\u00f6gerten Wohnungsbau"},"content":{"rendered":"<p><strong>StZ:<\/strong> <a title=\"\" href=\"https:\/\/www.stuttgarter-zeitung.de\/inhalt.landeshauptstadt-in-not-s-21-wohnungsbau-wohl-erst-in-15-jahren.9e22aa81-c6ea-457f-aaa1-89be6070aad7.html\" target=\"_blank\" rel=\"noopener\">S\u200921: Wohnungsbau wohl erst in 15 Jahren<\/a>: &#8222;<em>Die Verfahren zur Umwidmung der riesigen Gleisfl\u00e4che und das Entfernen von Schienen, Schotter und Bahnbauten braucht sehr viel Zeit. Zu viel, um den kritischen Wohnungsmarkt bald zu entspannen.&#8220;<\/em><\/p>\n<p><strong>StZ<\/strong>: <a href=\"https:\/\/www.stuttgarter-nachrichten.de\/inhalt.langes-warten-auf-wohnungsbau-bei-s-21-kuhn-werden-versaeumnisse-vorgeworfen.3b92bdfc-14bb-40c9-924e-69af5907f4a0.html\"><span class=\"article-headline\">Kuhn werden Vers\u00e4umnisse vorgeworfen: &#8222;<\/span><\/a><em>Mit habhaftem Wohnungsbau kann die Stadt auf den S-21-Fl\u00e4chen in diesem Jahrzehnt nicht mehr beginnen. Mieter- und Grundeigent\u00fcmerverein machen den OB daf\u00fcr verantwortlich.&#8220;<\/em><\/p>\n<p><strong>StzPlus<\/strong>: <a href=\"https:\/\/www.stuttgarter-zeitung.de\/inhalt.stuttgart-21-langes-warten-auf-den-wohnungsbau.37f4e506-8e3d-4a23-9d17-0b32a8740854.html\"><span class=\"article-headline\">Langes Warten auf den Wohnungsbau: &#8222;<\/span><\/a><em>Die Stadtverwaltung muss den B\u00fcrgern erl\u00e4utern, warum diese beim Wohnungsbau auf dem S-21-Gel\u00e4nde mit einer langen Wartezeit rechnen m\u00fcssen, sagt Redakteur Konstantin Schwarz.&#8220;<\/em><\/p>\n<p><strong>StZPlus: <\/strong><a title=\"\" href=\"https:\/\/www.stuttgarter-zeitung.de\/inhalt.wohnungen-auf-dem-s-21-gelaende-das-jahrzehnt-als-zeiteinheit.d42d2a6a-b5a2-4499-b1eb-7698a7757e7c.html?reduced=true\" target=\"_blank\" rel=\"noopener\">Wohnungen auf dem S-21-Gel\u00e4nde. Das Jahrzehnt als Zeiteinheit<\/a>: <em>&#8222;Ob KfZ-Zulassungsstelle oder Wohnungsbau: In Stuttgart setzt sich offenbar das Jahrzehnt als kleinste Zeiteinheit f\u00fcr die Umsetzung von Ver\u00e4nderungen durch, beklagt StZ-Chefredakteur Joachim Dorfs.&#8220;<\/em><\/p>\n<p><strong>StZ:<\/strong> <a title=\"\" href=\"https:\/\/www.stuttgarter-zeitung.de\/inhalt.stuttgart-21-verzoegerung-bei-wohnungsbau-abwenden.50d8a986-1230-4442-8555-2f84aaca60ad.html\" target=\"_blank\" rel=\"noopener\"><span class=\"article-headline\">OB-Kandidaten kritisieren verz\u00f6gerten Wohnungsbau: &#8222;<\/span><\/a><em>Zwei OB-Kandidaten kritisieren das lange Warten auf den Wohnungsbau im Rosensteinviertel. M\u00f6glicherweise kann erst in den 2030er-Jahren auf den heutigen Gleisfl\u00e4chen gebaut werden.&#8220;<\/em><\/p>\n<p><strong>Update 5.Juli: <\/strong><a title=\"\" href=\"https:\/\/www.stuttgarter-zeitung.de\/inhalt.fritz-kuhn-zum-rosensteinquartier-was-ein-ob-machen-muss-hab-ich-gemacht.f56029ee-2739-4b89-ac82-c883a8f62a7e.html?reduced=true\" target=\"_blank\" rel=\"noopener\">Fritz Kuhn zum Rosensteinquartier in Stuttgart.\u201eWas ein OB machen muss, hab ich gemacht\u201c<\/a>: <em>&#8222;Fritz Kuhn widerspricht vehement dem Eindruck, die Stadt tue zu wenig f\u00fcr die rasche Bebauung des Rosensteinareals. Zugleich macht er klar: In der Politik und im Verwaltungshandeln dauert ihm manches zu lange.&#8220;<\/em><\/p>\n","protected":false},"excerpt":{"rendered":"<p>StZ: S\u200921: Wohnungsbau wohl erst in 15 Jahren: &#8222;Die Verfahren zur Umwidmung der riesigen Gleisfl\u00e4che und das Entfernen von Schienen, Schotter und Bahnbauten braucht sehr viel Zeit. Zu viel, um den kritischen Wohnungsmarkt bald zu entspannen.&#8220; StZ: Kuhn werden Vers\u00e4umnisse &hellip; <a href=\"https:\/\/netzwerke-21.de\/?p=33632\">Weiterlesen <span class=\"meta-nav\">&rarr;<\/span><\/a><\/p>\n","protected":false},"author":6,"featured_media":0,"comment_status":"closed","ping_status":"closed","sticky":false,"template":"","format":"standard","meta":{"footnotes":""},"categories":[31,34,26,64,53],"tags":[],"class_list":["post-33632","post","type-post","status-publish","format-standard","hentry","category-eisenbahn-bundesamt","category-planfeststellung","category-stadt-stuttgart","category-staedtebau","category-zeitplan"],"_links":{"self":[{"href":"https:\/\/netzwerke-21.de\/index.php?rest_route=\/wp\/v2\/posts\/33632","targetHints":{"allow":["GET"]}}],"collection":[{"href":"https:\/\/netzwerke-21.de\/index.php?rest_route=\/wp\/v2\/posts"}],"about":[{"href":"https:\/\/netzwerke-21.de\/index.php?rest_route=\/wp\/v2\/types\/post"}],"author":[{"embeddable":true,"href":"https:\/\/netzwerke-21.de\/index.php?rest_route=\/wp\/v2\/users\/6"}],"replies":[{"embeddable":true,"href":"https:\/\/netzwerke-21.de\/index.php?rest_route=%2Fwp%2Fv2%2Fcomments&post=33632"}],"version-history":[{"count":7,"href":"https:\/\/netzwerke-21.de\/index.php?rest_route=\/wp\/v2\/posts\/33632\/revisions"}],"predecessor-version":[{"id":33675,"href":"https:\/\/netzwerke-21.de\/index.php?rest_route=\/wp\/v2\/posts\/33632\/revisions\/33675"}],"wp:attachment":[{"href":"https:\/\/netzwerke-21.de\/index.php?rest_route=%2Fwp%2Fv2%2Fmedia&parent=33632"}],"wp:term":[{"taxonomy":"category","embeddable":true,"href":"https:\/\/netzwerke-21.de\/index.php?rest_route=%2Fwp%2Fv2%2Fcategories&post=33632"},{"taxonomy":"post_tag","embeddable":true,"href":"https:\/\/netzwerke-21.de\/index.php?rest_route=%2Fwp%2Fv2%2Ftags&post=33632"}],"curies":[{"name":"wp","href":"https:\/\/api.w.org\/{rel}","templated":true}]}}