{"id":33571,"date":"2020-05-27T23:11:45","date_gmt":"2020-05-27T21:11:45","guid":{"rendered":"http:\/\/netzwerke-21.de\/?p=33571"},"modified":"2020-05-27T23:11:45","modified_gmt":"2020-05-27T21:11:45","slug":"kontext-s-21-ein-politischer-skandal","status":"publish","type":"post","link":"https:\/\/netzwerke-21.de\/?p=33571","title":{"rendered":"Kontext: &#8222;S 21 \u2013 ein politischer Skandal&#8220;"},"content":{"rendered":"<p><strong>Kontext:<\/strong> <a title=\"\" href=\"https:\/\/www.kontextwochenzeitung.de\/politik\/478\/s-21-ein-politischer-skandal-6763.html\" target=\"_blank\" rel=\"noopener\">&#8222;S 21 \u2013 ein politischer Skandal&#8220;<\/a>: &#8222;<em>Alles erstunken und erlogen, sagt Edzard Reuter mit Blick auf die Zahlen rund um Stuttgart 21 \u2013 und alle wu\u00dften es! Umso mehr unterst\u00fctzt der ehemalige Daimler-Chef den Bildhauer Peter Lenk und sein S-21-Denkmal. Ein Gespr\u00e4ch \u00fcber politischen Betrug, Satire und Martin Walser.&#8220;<\/em><\/p>\n","protected":false},"excerpt":{"rendered":"<p>Kontext: &#8222;S 21 \u2013 ein politischer Skandal&#8220;: &#8222;Alles erstunken und erlogen, sagt Edzard Reuter mit Blick auf die Zahlen rund um Stuttgart 21 \u2013 und alle wu\u00dften es! Umso mehr unterst\u00fctzt der ehemalige Daimler-Chef den Bildhauer Peter Lenk und sein &hellip; <a href=\"https:\/\/netzwerke-21.de\/?p=33571\">Weiterlesen <span class=\"meta-nav\">&rarr;<\/span><\/a><\/p>\n","protected":false},"author":6,"featured_media":0,"comment_status":"closed","ping_status":"closed","sticky":false,"template":"","format":"standard","meta":{"footnotes":""},"categories":[1,59,39],"tags":[],"class_list":["post-33571","post","type-post","status-publish","format-standard","hentry","category-allgemein","category-kosten","category-land-bw"],"_links":{"self":[{"href":"https:\/\/netzwerke-21.de\/index.php?rest_route=\/wp\/v2\/posts\/33571","targetHints":{"allow":["GET"]}}],"collection":[{"href":"https:\/\/netzwerke-21.de\/index.php?rest_route=\/wp\/v2\/posts"}],"about":[{"href":"https:\/\/netzwerke-21.de\/index.php?rest_route=\/wp\/v2\/types\/post"}],"author":[{"embeddable":true,"href":"https:\/\/netzwerke-21.de\/index.php?rest_route=\/wp\/v2\/users\/6"}],"replies":[{"embeddable":true,"href":"https:\/\/netzwerke-21.de\/index.php?rest_route=%2Fwp%2Fv2%2Fcomments&post=33571"}],"version-history":[{"count":1,"href":"https:\/\/netzwerke-21.de\/index.php?rest_route=\/wp\/v2\/posts\/33571\/revisions"}],"predecessor-version":[{"id":33572,"href":"https:\/\/netzwerke-21.de\/index.php?rest_route=\/wp\/v2\/posts\/33571\/revisions\/33572"}],"wp:attachment":[{"href":"https:\/\/netzwerke-21.de\/index.php?rest_route=%2Fwp%2Fv2%2Fmedia&parent=33571"}],"wp:term":[{"taxonomy":"category","embeddable":true,"href":"https:\/\/netzwerke-21.de\/index.php?rest_route=%2Fwp%2Fv2%2Fcategories&post=33571"},{"taxonomy":"post_tag","embeddable":true,"href":"https:\/\/netzwerke-21.de\/index.php?rest_route=%2Fwp%2Fv2%2Ftags&post=33571"}],"curies":[{"name":"wp","href":"https:\/\/api.w.org\/{rel}","templated":true}]}}