{"id":33443,"date":"2020-02-28T00:25:33","date_gmt":"2020-02-27T22:25:33","guid":{"rendered":"http:\/\/netzwerke-21.de\/?p=33443"},"modified":"2020-02-28T00:25:33","modified_gmt":"2020-02-27T22:25:33","slug":"stzn-ex-ministerpraesident-haelt-10-milliarden-euro-kosten-fuer-vertretbar","status":"publish","type":"post","link":"https:\/\/netzwerke-21.de\/?p=33443","title":{"rendered":"StZN: Ex-Ministerpr\u00e4sident h\u00e4lt 10 Milliarden Euro Kosten f\u00fcr vertretbar \/"},"content":{"rendered":"<p><strong>StZN:<\/strong> <a title=\"\" href=\"https:\/\/www.stuttgarter-zeitung.de\/inhalt.guenther-oettinger-ueber-stuttgart-21-ex-ministerpraesident-haelt-hoehere-kosten-fuer-vertretbar.fad9956c-c96b-4675-98dc-983c2410695f.html\" target=\"_blank\" rel=\"noopener\">Ex-Ministerpr\u00e4sident h\u00e4lt 10 Milliarden Euro Kosten f\u00fcr vertretbar<\/a>: &#8222;<em>2009 hat G\u00fcnther Oettinger als Ministerpr\u00e4sident den Finanzierungsvertrag f\u00fcr Stuttgart 21 unterzeichnet. Heute sagt er, dass auch Kosten von 10 Milliarden Euro vertretbar w\u00e4ren.&#8220;<\/em><\/p>\n<p><strong>StZPlus:<\/strong> <a title=\"\" href=\"https:\/\/www.stuttgarter-zeitung.de\/inhalt.guenther-oettinger-ueber-stuttgart-21-ex-ministerpraesident-haelt-hoehere-kosten-fuer-vertretbar.fad9956c-c96b-4675-98dc-983c2410695f.html\" target=\"_blank\" rel=\"noopener\">Flughafen reagiert auf Oettinger-Kritik<\/a>: &#8222;<em>Am Stuttgarter Flughafen verweist man selbstbewusst auf die eigene Bedeutung. Der ehemalige Ministerpr\u00e4sident G\u00fcnther Oettinger hatte am Wochenende gesagt, dass Stuttgart 21 einmal \u201edie zentrale Verkehrsinfrastruktur Baden-W\u00fcrttembergs\u201c werde. \u201eDer Flughafen wird\u2019s nie werden\u201c.&#8220;<\/em><\/p>\n","protected":false},"excerpt":{"rendered":"<p>StZN: Ex-Ministerpr\u00e4sident h\u00e4lt 10 Milliarden Euro Kosten f\u00fcr vertretbar: &#8222;2009 hat G\u00fcnther Oettinger als Ministerpr\u00e4sident den Finanzierungsvertrag f\u00fcr Stuttgart 21 unterzeichnet. Heute sagt er, dass auch Kosten von 10 Milliarden Euro vertretbar w\u00e4ren.&#8220; StZPlus: Flughafen reagiert auf Oettinger-Kritik: &#8222;Am Stuttgarter &hellip; <a href=\"https:\/\/netzwerke-21.de\/?p=33443\">Weiterlesen <span class=\"meta-nav\">&rarr;<\/span><\/a><\/p>\n","protected":false},"author":6,"featured_media":0,"comment_status":"closed","ping_status":"closed","sticky":false,"template":"","format":"standard","meta":{"footnotes":""},"categories":[1,46,59,39],"tags":[],"class_list":["post-33443","post","type-post","status-publish","format-standard","hentry","category-allgemein","category-filderbereich","category-kosten","category-land-bw"],"_links":{"self":[{"href":"https:\/\/netzwerke-21.de\/index.php?rest_route=\/wp\/v2\/posts\/33443","targetHints":{"allow":["GET"]}}],"collection":[{"href":"https:\/\/netzwerke-21.de\/index.php?rest_route=\/wp\/v2\/posts"}],"about":[{"href":"https:\/\/netzwerke-21.de\/index.php?rest_route=\/wp\/v2\/types\/post"}],"author":[{"embeddable":true,"href":"https:\/\/netzwerke-21.de\/index.php?rest_route=\/wp\/v2\/users\/6"}],"replies":[{"embeddable":true,"href":"https:\/\/netzwerke-21.de\/index.php?rest_route=%2Fwp%2Fv2%2Fcomments&post=33443"}],"version-history":[{"count":1,"href":"https:\/\/netzwerke-21.de\/index.php?rest_route=\/wp\/v2\/posts\/33443\/revisions"}],"predecessor-version":[{"id":33444,"href":"https:\/\/netzwerke-21.de\/index.php?rest_route=\/wp\/v2\/posts\/33443\/revisions\/33444"}],"wp:attachment":[{"href":"https:\/\/netzwerke-21.de\/index.php?rest_route=%2Fwp%2Fv2%2Fmedia&parent=33443"}],"wp:term":[{"taxonomy":"category","embeddable":true,"href":"https:\/\/netzwerke-21.de\/index.php?rest_route=%2Fwp%2Fv2%2Fcategories&post=33443"},{"taxonomy":"post_tag","embeddable":true,"href":"https:\/\/netzwerke-21.de\/index.php?rest_route=%2Fwp%2Fv2%2Ftags&post=33443"}],"curies":[{"name":"wp","href":"https:\/\/api.w.org\/{rel}","templated":true}]}}