{"id":33437,"date":"2020-02-19T23:32:35","date_gmt":"2020-02-19T21:32:35","guid":{"rendered":"http:\/\/netzwerke-21.de\/?p=33437"},"modified":"2020-02-19T23:50:45","modified_gmt":"2020-02-19T21:50:45","slug":"kontext-kleeblatt-zur-wahl","status":"publish","type":"post","link":"https:\/\/netzwerke-21.de\/?p=33437","title":{"rendered":"Kontext: Kleeblatt zur Wahl"},"content":{"rendered":"<p><strong>Kontext: <\/strong><a title=\"\" href=\"https:\/\/www.kontextwochenzeitung.de\/politik\/464\/kommunales-kleeblatt-6524.html\" target=\"_blank\" rel=\"noopener\">Kleeblatt zur Wahl:\u00a0<\/a> <em>&#8222;Veronika Kienzle (Gr\u00fcne) und Frank Nopper (CDU) ziehen also in den Stuttgarter OB-Wahlkampf. Gemeinsam mit Martin K\u00f6rner (SPD) und voraussichtlich Hannes Rockenbauch (S\u00d6S). In ihrer kommunalpolitischen Passion sind sie sich einig. Aber nicht bei Stuttgart 21.&#8220;<\/em><\/p>\n","protected":false},"excerpt":{"rendered":"<p>Kontext: Kleeblatt zur Wahl:\u00a0 &#8222;Veronika Kienzle (Gr\u00fcne) und Frank Nopper (CDU) ziehen also in den Stuttgarter OB-Wahlkampf. Gemeinsam mit Martin K\u00f6rner (SPD) und voraussichtlich Hannes Rockenbauch (S\u00d6S). In ihrer kommunalpolitischen Passion sind sie sich einig. Aber nicht bei Stuttgart 21.&#8220;<\/p>\n","protected":false},"author":6,"featured_media":0,"comment_status":"closed","ping_status":"closed","sticky":false,"template":"","format":"standard","meta":{"footnotes":""},"categories":[21,59,63,26],"tags":[],"class_list":["post-33437","post","type-post","status-publish","format-standard","hentry","category-kernerviertel","category-kosten","category-leistungsfaehigkeit","category-stadt-stuttgart"],"_links":{"self":[{"href":"https:\/\/netzwerke-21.de\/index.php?rest_route=\/wp\/v2\/posts\/33437","targetHints":{"allow":["GET"]}}],"collection":[{"href":"https:\/\/netzwerke-21.de\/index.php?rest_route=\/wp\/v2\/posts"}],"about":[{"href":"https:\/\/netzwerke-21.de\/index.php?rest_route=\/wp\/v2\/types\/post"}],"author":[{"embeddable":true,"href":"https:\/\/netzwerke-21.de\/index.php?rest_route=\/wp\/v2\/users\/6"}],"replies":[{"embeddable":true,"href":"https:\/\/netzwerke-21.de\/index.php?rest_route=%2Fwp%2Fv2%2Fcomments&post=33437"}],"version-history":[{"count":1,"href":"https:\/\/netzwerke-21.de\/index.php?rest_route=\/wp\/v2\/posts\/33437\/revisions"}],"predecessor-version":[{"id":33438,"href":"https:\/\/netzwerke-21.de\/index.php?rest_route=\/wp\/v2\/posts\/33437\/revisions\/33438"}],"wp:attachment":[{"href":"https:\/\/netzwerke-21.de\/index.php?rest_route=%2Fwp%2Fv2%2Fmedia&parent=33437"}],"wp:term":[{"taxonomy":"category","embeddable":true,"href":"https:\/\/netzwerke-21.de\/index.php?rest_route=%2Fwp%2Fv2%2Fcategories&post=33437"},{"taxonomy":"post_tag","embeddable":true,"href":"https:\/\/netzwerke-21.de\/index.php?rest_route=%2Fwp%2Fv2%2Ftags&post=33437"}],"curies":[{"name":"wp","href":"https:\/\/api.w.org\/{rel}","templated":true}]}}