{"id":33361,"date":"2020-02-12T00:42:07","date_gmt":"2020-02-11T22:42:07","guid":{"rendered":"http:\/\/netzwerke-21.de\/?p=33361"},"modified":"2020-02-12T09:01:40","modified_gmt":"2020-02-12T07:01:40","slug":"erster-durchschlag-fildertunnel-und-betonag-der-siebten-kelchstuetze","status":"publish","type":"post","link":"https:\/\/netzwerke-21.de\/?p=33361","title":{"rendered":"Erster Durchschlag Fildertunnel und Betonage der siebten Kelchst\u00fctze"},"content":{"rendered":"<p>Die Webseite der Projektgesellschaft vermeldet zwei weitere Baufortschritte bei Stuttgart 21. Zum einen ist jetzt Mitte Februar -wie bereits auf der Informationsveranstaltung im Rathaus angek\u00fcndigt- der erste Tunneldurchschlag beim Fildertunnel (<a title=\"PSU: Durchschlag Tunnel S\u00fcdkopf Bahnsteighalle an drei von vier R\u00f6hren angeschlossen\" href=\"http:\/\/www.bahnprojekt-stuttgart-ulm.de\/presse\/pressemitteilungen\/newsdetail\/news\/1538-durchschlag-tunnel-suedkopf\/newsParameter\/detail\/News\/datum\/20200211\/\" target=\"_blank\" rel=\"noopener\">hier<\/a>) zum Baufeld 25 an der S\u00e4ngerstra\u00dfe erfolgt. Damit ist die erste 230 Meter lange R\u00f6hre unter dem Kernerviertel vorgetrieben und mit 15 Monaten Bauzeit deutlich schneller als geplant. Mit dem Durchschlag der zweiten R\u00f6hre, in der noch 67 Meter Vortrieb zu leisten sind, ist voraussichtlich im Fr\u00fchjahr zu rechnen. Die Pressemeldung erw\u00e4hnt nicht, dass daneben noch 186 Tunnelmeter f\u00fcr die Querschl\u00e4ge des unteren und mittleren Fildertunnels auch ggf.mit Sprengungen vorgetrieben werden m\u00fcssen. Dies betrifft die Wohngebiete der Uhlandsh\u00f6he, G\u00e4nsheide und Degerloch Die dpa-Meldung zum Tunneldurchschlag (<a title=\"StZN: Erste R\u00f6hre des Fildertunnels durchgeschlagen\" href=\"https:\/\/www.stuttgarter-zeitung.de\/inhalt.stuttgart-21-erste-roehre-des-fildertunnels-durchgeschlagen.6e534bcb-ac5e-414a-b3ee-7c5a2315983e.html\" target=\"_blank\" rel=\"noopener\">StZN)<\/a> benennt noch den Abbruch eines Hauses in der Kernerstra\u00dfe nach Hebungsinjektionen und die noch strittigen Entsch\u00e4digungen der Eigent\u00fcmer. Dass deutlich mehr vortriebsbedingte Bausch\u00e4den aufgetreten sind, hatten wir in unserem <a title=\"S21-Baustellen und Umwege bleiben Alltag im Kernerviertel. Bericht \u00fcber die Infoveranstaltung im Rathaus am 15.01.2020\" href=\"http:\/\/netzwerke-21.de\/?p=33181#more-33181\" target=\"_blank\" rel=\"noopener\">Bericht \u00fcber die Infoveranstaltung<\/a> erw\u00e4hnt.<\/p>\n<p>Und die zweite Meldung: Anfang Februar wurde die siebte von achtundzwanzig Kelchst\u00fctzen betoniert. Die Projektgesellschaft hat dazu ein Video eingestellt (<a title=\"PSU: Betonage siebte Kelchst\u00fctze\" href=\"http:\/\/www.bahnprojekt-stuttgart-ulm.de\/mediathek\/detail\/media\/betonage-siebte-kelchstuetze\/mediaParameter\/show\/Medium\/\" target=\"_blank\" rel=\"noopener\">hier<\/a>). Abschnittsleiter Michael Pradel hatte auf der Infoveranstaltung angek\u00fcndigt, dass in diesem Jahr voraussichtlich sechs Kelchst\u00fctzen, also noch weitere f\u00fcnf, hergestellt werden.<\/p>\n","protected":false},"excerpt":{"rendered":"<p>Die Webseite der Projektgesellschaft vermeldet zwei weitere Baufortschritte bei Stuttgart 21. Zum einen ist jetzt Mitte Februar -wie bereits auf der Informationsveranstaltung im Rathaus angek\u00fcndigt- der erste Tunneldurchschlag beim Fildertunnel (hier) zum Baufeld 25 an der S\u00e4ngerstra\u00dfe erfolgt. Damit ist &hellip; <a href=\"https:\/\/netzwerke-21.de\/?p=33361\">Weiterlesen <span class=\"meta-nav\">&rarr;<\/span><\/a><\/p>\n","protected":false},"author":6,"featured_media":0,"comment_status":"closed","ping_status":"closed","sticky":false,"template":"","format":"standard","meta":{"footnotes":""},"categories":[8,71,44,47,72,21,58,38],"tags":[],"class_list":["post-33361","post","type-post","status-publish","format-standard","hentry","category-bauarbeiten","category-baufortschritt","category-degerloch","category-gaensheide","category-hebungsinjektionen","category-kernerviertel","category-tiefbahnhof","category-tunnelstrecken"],"_links":{"self":[{"href":"https:\/\/netzwerke-21.de\/index.php?rest_route=\/wp\/v2\/posts\/33361","targetHints":{"allow":["GET"]}}],"collection":[{"href":"https:\/\/netzwerke-21.de\/index.php?rest_route=\/wp\/v2\/posts"}],"about":[{"href":"https:\/\/netzwerke-21.de\/index.php?rest_route=\/wp\/v2\/types\/post"}],"author":[{"embeddable":true,"href":"https:\/\/netzwerke-21.de\/index.php?rest_route=\/wp\/v2\/users\/6"}],"replies":[{"embeddable":true,"href":"https:\/\/netzwerke-21.de\/index.php?rest_route=%2Fwp%2Fv2%2Fcomments&post=33361"}],"version-history":[{"count":14,"href":"https:\/\/netzwerke-21.de\/index.php?rest_route=\/wp\/v2\/posts\/33361\/revisions"}],"predecessor-version":[{"id":33376,"href":"https:\/\/netzwerke-21.de\/index.php?rest_route=\/wp\/v2\/posts\/33361\/revisions\/33376"}],"wp:attachment":[{"href":"https:\/\/netzwerke-21.de\/index.php?rest_route=%2Fwp%2Fv2%2Fmedia&parent=33361"}],"wp:term":[{"taxonomy":"category","embeddable":true,"href":"https:\/\/netzwerke-21.de\/index.php?rest_route=%2Fwp%2Fv2%2Fcategories&post=33361"},{"taxonomy":"post_tag","embeddable":true,"href":"https:\/\/netzwerke-21.de\/index.php?rest_route=%2Fwp%2Fv2%2Ftags&post=33361"}],"curies":[{"name":"wp","href":"https:\/\/api.w.org\/{rel}","templated":true}]}}