{"id":33166,"date":"2020-01-14T02:12:24","date_gmt":"2020-01-14T00:12:24","guid":{"rendered":"http:\/\/netzwerke-21.de\/?p=33166"},"modified":"2020-01-18T16:35:02","modified_gmt":"2020-01-18T14:35:02","slug":"stzn-eroerterung-in-der-saengerhalle-370-einwendungen-gegen-abstellbahnhof","status":"publish","type":"post","link":"https:\/\/netzwerke-21.de\/?p=33166","title":{"rendered":"StZN: Er\u00f6rterung in der S\u00e4ngerhalle: 370 Einwendungen gegen Abstellbahnhof \/ Eidechse k\u00f6nnte S-21-Projekt aufs Abstellgleis lenken"},"content":{"rendered":"<p><strong>StZN:<\/strong> <a title=\"\" href=\"https:\/\/www.stuttgarter-zeitung.de\/inhalt.stuttgart-21-eroerterung-in-der-saengerhalle.302b25a9-e728-4f7b-9890-ddd9d72f4227.html\" target=\"_blank\" rel=\"noopener\">Er\u00f6rterung in der S\u00e4ngerhalle: 370 Einwendungen gegen Abstellbahnhof<\/a>: &#8222;<em>Gegen die Pl\u00e4ne in Untert\u00fcrkheim liegen 370 Einwendungen vor. Dabei geht es vor allem um den L\u00e4rm- und den Naturschutz. Schutzw\u00e4nde gegen L\u00e4rm sind nicht m\u00f6glich. Sie m\u00fcssten mehr als zehn Meter hoch sein, dennoch w\u00fcrden sie nicht alle 56 betroffenen Wohngeb\u00e4ude abschirmen k\u00f6nnen. Die Eigent\u00fcmer sollen daher Schallschutz durch verbesserte Fenster, T\u00fcren und D\u00e4cher erhalten.&#8220;<\/em><\/p>\n<p><strong>StZN:<\/strong> <a title=\"\" href=\"https:\/\/www.stuttgarter-zeitung.de\/inhalt.stuttgart-21-in-untertuerkheim-eidechse-koennte-s-21-projekt-aufs-abstellgleis-lenken.fae7c4f6-6206-4f3d-b6b5-76609c6f698c.html\" target=\"_blank\" rel=\"noopener\">Eidechse k\u00f6nnte S-21-Projekt aufs Abstellgleis lenken<\/a>: <em>&#8222;Im Stuttgarter Vorort Untert\u00fcrkheim wird sich in den kommenden beiden Tagen vieles um die verlassenen Gleise des G\u00fcterbahnhofs drehen. Denn das Areal ist eines der wichtigsten Projekte von Stuttgart 21 &#8211; und noch nicht genehmigt. Es gibt Kritik an L\u00e4rm und Artenschutz.&#8220;<\/em><\/p>\n","protected":false},"excerpt":{"rendered":"<p>StZN: Er\u00f6rterung in der S\u00e4ngerhalle: 370 Einwendungen gegen Abstellbahnhof: &#8222;Gegen die Pl\u00e4ne in Untert\u00fcrkheim liegen 370 Einwendungen vor. Dabei geht es vor allem um den L\u00e4rm- und den Naturschutz. Schutzw\u00e4nde gegen L\u00e4rm sind nicht m\u00f6glich. Sie m\u00fcssten mehr als zehn &hellip; <a href=\"https:\/\/netzwerke-21.de\/?p=33166\">Weiterlesen <span class=\"meta-nav\">&rarr;<\/span><\/a><\/p>\n","protected":false},"author":6,"featured_media":0,"comment_status":"closed","ping_status":"closed","sticky":false,"template":"","format":"standard","meta":{"footnotes":""},"categories":[23,73,34,22],"tags":[],"class_list":["post-33166","post","type-post","status-publish","format-standard","hentry","category-eroerterung","category-oekologie","category-planfeststellung","category-untertuerkheim"],"_links":{"self":[{"href":"https:\/\/netzwerke-21.de\/index.php?rest_route=\/wp\/v2\/posts\/33166","targetHints":{"allow":["GET"]}}],"collection":[{"href":"https:\/\/netzwerke-21.de\/index.php?rest_route=\/wp\/v2\/posts"}],"about":[{"href":"https:\/\/netzwerke-21.de\/index.php?rest_route=\/wp\/v2\/types\/post"}],"author":[{"embeddable":true,"href":"https:\/\/netzwerke-21.de\/index.php?rest_route=\/wp\/v2\/users\/6"}],"replies":[{"embeddable":true,"href":"https:\/\/netzwerke-21.de\/index.php?rest_route=%2Fwp%2Fv2%2Fcomments&post=33166"}],"version-history":[{"count":3,"href":"https:\/\/netzwerke-21.de\/index.php?rest_route=\/wp\/v2\/posts\/33166\/revisions"}],"predecessor-version":[{"id":33169,"href":"https:\/\/netzwerke-21.de\/index.php?rest_route=\/wp\/v2\/posts\/33166\/revisions\/33169"}],"wp:attachment":[{"href":"https:\/\/netzwerke-21.de\/index.php?rest_route=%2Fwp%2Fv2%2Fmedia&parent=33166"}],"wp:term":[{"taxonomy":"category","embeddable":true,"href":"https:\/\/netzwerke-21.de\/index.php?rest_route=%2Fwp%2Fv2%2Fcategories&post=33166"},{"taxonomy":"post_tag","embeddable":true,"href":"https:\/\/netzwerke-21.de\/index.php?rest_route=%2Fwp%2Fv2%2Ftags&post=33166"}],"curies":[{"name":"wp","href":"https:\/\/api.w.org\/{rel}","templated":true}]}}