{"id":33105,"date":"2019-12-13T00:46:25","date_gmt":"2019-12-12T22:46:25","guid":{"rendered":"http:\/\/netzwerke-21.de\/?p=33105"},"modified":"2019-12-13T00:46:25","modified_gmt":"2019-12-12T22:46:25","slug":"stzn-im-januar-debatte-um-abstellbahnhof","status":"publish","type":"post","link":"https:\/\/netzwerke-21.de\/?p=33105","title":{"rendered":"StZN: Im Januar Debatte um Abstellbahnhof"},"content":{"rendered":"<p><strong>StZN: <\/strong><a title=\"\" href=\"https:\/\/www.stuttgarter-zeitung.de\/inhalt.stuttgart-21-im-januar-debatte-um-abstellbahnhof.d87a06d6-6d9d-42dc-aa0e-ce891b3aea2d.html\" target=\"_blank\" rel=\"noopener\">Im Januar Debatte um Abstellbahnhof<\/a>: &#8222;<em>Kommen streng gesch\u00fctzte Eidechsen in Stuttgart erstmals f\u00fcr ein Bauprojekt mit beh\u00f6rdlichem Segen unter die R\u00e4der? Die Entscheidung \u00fcber den Abstellbahnhof k\u00f6nnte zu einer Grundsatzentscheidung werden, auf die sich Bauherren berufen.&#8220;<\/em><\/p>\n","protected":false},"excerpt":{"rendered":"<p>StZN: Im Januar Debatte um Abstellbahnhof: &#8222;Kommen streng gesch\u00fctzte Eidechsen in Stuttgart erstmals f\u00fcr ein Bauprojekt mit beh\u00f6rdlichem Segen unter die R\u00e4der? Die Entscheidung \u00fcber den Abstellbahnhof k\u00f6nnte zu einer Grundsatzentscheidung werden, auf die sich Bauherren berufen.&#8220;<\/p>\n","protected":false},"author":6,"featured_media":0,"comment_status":"closed","ping_status":"closed","sticky":false,"template":"","format":"standard","meta":{"footnotes":""},"categories":[23,13,63,34,22,10],"tags":[],"class_list":["post-33105","post","type-post","status-publish","format-standard","hentry","category-eroerterung","category-laerm","category-leistungsfaehigkeit","category-planfeststellung","category-untertuerkheim","category-veranstaltungen"],"_links":{"self":[{"href":"https:\/\/netzwerke-21.de\/index.php?rest_route=\/wp\/v2\/posts\/33105","targetHints":{"allow":["GET"]}}],"collection":[{"href":"https:\/\/netzwerke-21.de\/index.php?rest_route=\/wp\/v2\/posts"}],"about":[{"href":"https:\/\/netzwerke-21.de\/index.php?rest_route=\/wp\/v2\/types\/post"}],"author":[{"embeddable":true,"href":"https:\/\/netzwerke-21.de\/index.php?rest_route=\/wp\/v2\/users\/6"}],"replies":[{"embeddable":true,"href":"https:\/\/netzwerke-21.de\/index.php?rest_route=%2Fwp%2Fv2%2Fcomments&post=33105"}],"version-history":[{"count":1,"href":"https:\/\/netzwerke-21.de\/index.php?rest_route=\/wp\/v2\/posts\/33105\/revisions"}],"predecessor-version":[{"id":33106,"href":"https:\/\/netzwerke-21.de\/index.php?rest_route=\/wp\/v2\/posts\/33105\/revisions\/33106"}],"wp:attachment":[{"href":"https:\/\/netzwerke-21.de\/index.php?rest_route=%2Fwp%2Fv2%2Fmedia&parent=33105"}],"wp:term":[{"taxonomy":"category","embeddable":true,"href":"https:\/\/netzwerke-21.de\/index.php?rest_route=%2Fwp%2Fv2%2Fcategories&post=33105"},{"taxonomy":"post_tag","embeddable":true,"href":"https:\/\/netzwerke-21.de\/index.php?rest_route=%2Fwp%2Fv2%2Ftags&post=33105"}],"curies":[{"name":"wp","href":"https:\/\/api.w.org\/{rel}","templated":true}]}}