{"id":33098,"date":"2019-12-10T23:17:01","date_gmt":"2019-12-10T21:17:01","guid":{"rendered":"http:\/\/netzwerke-21.de\/?p=33098"},"modified":"2019-12-10T23:17:21","modified_gmt":"2019-12-10T21:17:21","slug":"stzn-neubautrasse-mit-tempo-250-nach-ulm","status":"publish","type":"post","link":"https:\/\/netzwerke-21.de\/?p=33098","title":{"rendered":"StZN: Neubautrasse: Mit Tempo 250 nach Ulm"},"content":{"rendered":"<p><strong>StZN:<\/strong> <a title=\"\" href=\"https:\/\/www.stuttgarter-zeitung.de\/inhalt.stuttgart-21-neubautrasse-mit-tempo-250-nach-ulm.2c6599af-5159-4c65-bbdb-36f453bf8c2c.html\" target=\"_blank\" rel=\"noopener\">Neubautrasse: Mit Tempo 250 nach Ulm<\/a>: &#8222;<em>Auf den Fildern folgt die ICE-Neubaustrecke der Autobahn. Mit 250 Kilometer pro Stunde Reisegeschwindigkeit werden die Z\u00fcge deutlich schneller unterwegs sein als die Autos. Benjamin Denk ist der zust\u00e4ndige Abschnittsleiter.\u00a0 [&#8230;] Im Sommer 2022 soll die Strecke vom Flughafen bis Wendlingen im Rohbau fertig sein, die Anschlussstelle sechs Monate sp\u00e4ter. Die elf Sekunden im Tunnel r\u00fccken n\u00e4her.&#8220;<\/em><\/p>\n","protected":false},"excerpt":{"rendered":"<p>StZN: Neubautrasse: Mit Tempo 250 nach Ulm: &#8222;Auf den Fildern folgt die ICE-Neubaustrecke der Autobahn. Mit 250 Kilometer pro Stunde Reisegeschwindigkeit werden die Z\u00fcge deutlich schneller unterwegs sein als die Autos. Benjamin Denk ist der zust\u00e4ndige Abschnittsleiter.\u00a0 [&#8230;] Im Sommer &hellip; <a href=\"https:\/\/netzwerke-21.de\/?p=33098\">Weiterlesen <span class=\"meta-nav\">&rarr;<\/span><\/a><\/p>\n","protected":false},"author":6,"featured_media":0,"comment_status":"closed","ping_status":"closed","sticky":false,"template":"","format":"standard","meta":{"footnotes":""},"categories":[8,71,76,82,46,54,24,53],"tags":[],"class_list":["post-33098","post","type-post","status-publish","format-standard","hentry","category-bauarbeiten","category-baufortschritt","category-denkendorf","category-esslingen","category-filderbereich","category-neubaustrecke-stgt-ulm","category-verkehr","category-zeitplan"],"_links":{"self":[{"href":"https:\/\/netzwerke-21.de\/index.php?rest_route=\/wp\/v2\/posts\/33098","targetHints":{"allow":["GET"]}}],"collection":[{"href":"https:\/\/netzwerke-21.de\/index.php?rest_route=\/wp\/v2\/posts"}],"about":[{"href":"https:\/\/netzwerke-21.de\/index.php?rest_route=\/wp\/v2\/types\/post"}],"author":[{"embeddable":true,"href":"https:\/\/netzwerke-21.de\/index.php?rest_route=\/wp\/v2\/users\/6"}],"replies":[{"embeddable":true,"href":"https:\/\/netzwerke-21.de\/index.php?rest_route=%2Fwp%2Fv2%2Fcomments&post=33098"}],"version-history":[{"count":1,"href":"https:\/\/netzwerke-21.de\/index.php?rest_route=\/wp\/v2\/posts\/33098\/revisions"}],"predecessor-version":[{"id":33099,"href":"https:\/\/netzwerke-21.de\/index.php?rest_route=\/wp\/v2\/posts\/33098\/revisions\/33099"}],"wp:attachment":[{"href":"https:\/\/netzwerke-21.de\/index.php?rest_route=%2Fwp%2Fv2%2Fmedia&parent=33098"}],"wp:term":[{"taxonomy":"category","embeddable":true,"href":"https:\/\/netzwerke-21.de\/index.php?rest_route=%2Fwp%2Fv2%2Fcategories&post=33098"},{"taxonomy":"post_tag","embeddable":true,"href":"https:\/\/netzwerke-21.de\/index.php?rest_route=%2Fwp%2Fv2%2Ftags&post=33098"}],"curies":[{"name":"wp","href":"https:\/\/api.w.org\/{rel}","templated":true}]}}