{"id":33092,"date":"2019-12-10T22:59:53","date_gmt":"2019-12-10T20:59:53","guid":{"rendered":"http:\/\/netzwerke-21.de\/?p=33092"},"modified":"2019-12-10T22:59:53","modified_gmt":"2019-12-10T20:59:53","slug":"stzn-so-ist-der-status-quo-des-milliarden-projekts","status":"publish","type":"post","link":"https:\/\/netzwerke-21.de\/?p=33092","title":{"rendered":"StZN: So ist der Status quo des Milliarden-Projekts"},"content":{"rendered":"<p><strong>StZN:<\/strong> <a title=\"\" href=\"https:\/\/www.stuttgarter-zeitung.de\/inhalt.stuttgart-21-weitere-sechs-jahre-baustelle.a8edac7f-cbd1-4de3-8d1c-66cafefb834e.html\" target=\"_blank\" rel=\"noopener\">So ist der Status quo des Milliarden-Projekts<\/a>: <em>&#8222;Am 2. Februar 2010 hat der damalige Bahnchef R\u00fcdiger Grube den Bau von Stuttgart 21 gestartet. Kr\u00e4ne und Baugruben im Talkessel sind inzwischen fester Bestandteil des Stadtbildes. Ein \u00dcberblick.&#8220;<\/em><\/p>\n","protected":false},"excerpt":{"rendered":"<p>StZN: So ist der Status quo des Milliarden-Projekts: &#8222;Am 2. Februar 2010 hat der damalige Bahnchef R\u00fcdiger Grube den Bau von Stuttgart 21 gestartet. Kr\u00e4ne und Baugruben im Talkessel sind inzwischen fester Bestandteil des Stadtbildes. Ein \u00dcberblick.&#8220;<\/p>\n","protected":false},"author":6,"featured_media":0,"comment_status":"closed","ping_status":"closed","sticky":false,"template":"","format":"standard","meta":{"footnotes":""},"categories":[8,71,40,59,58,38,52],"tags":[],"class_list":["post-33092","post","type-post","status-publish","format-standard","hentry","category-bauarbeiten","category-baufortschritt","category-bund","category-kosten","category-tiefbahnhof","category-tunnelstrecken","category-vortriebsstand"],"_links":{"self":[{"href":"https:\/\/netzwerke-21.de\/index.php?rest_route=\/wp\/v2\/posts\/33092","targetHints":{"allow":["GET"]}}],"collection":[{"href":"https:\/\/netzwerke-21.de\/index.php?rest_route=\/wp\/v2\/posts"}],"about":[{"href":"https:\/\/netzwerke-21.de\/index.php?rest_route=\/wp\/v2\/types\/post"}],"author":[{"embeddable":true,"href":"https:\/\/netzwerke-21.de\/index.php?rest_route=\/wp\/v2\/users\/6"}],"replies":[{"embeddable":true,"href":"https:\/\/netzwerke-21.de\/index.php?rest_route=%2Fwp%2Fv2%2Fcomments&post=33092"}],"version-history":[{"count":1,"href":"https:\/\/netzwerke-21.de\/index.php?rest_route=\/wp\/v2\/posts\/33092\/revisions"}],"predecessor-version":[{"id":33093,"href":"https:\/\/netzwerke-21.de\/index.php?rest_route=\/wp\/v2\/posts\/33092\/revisions\/33093"}],"wp:attachment":[{"href":"https:\/\/netzwerke-21.de\/index.php?rest_route=%2Fwp%2Fv2%2Fmedia&parent=33092"}],"wp:term":[{"taxonomy":"category","embeddable":true,"href":"https:\/\/netzwerke-21.de\/index.php?rest_route=%2Fwp%2Fv2%2Fcategories&post=33092"},{"taxonomy":"post_tag","embeddable":true,"href":"https:\/\/netzwerke-21.de\/index.php?rest_route=%2Fwp%2Fv2%2Ftags&post=33092"}],"curies":[{"name":"wp","href":"https:\/\/api.w.org\/{rel}","templated":true}]}}