{"id":33038,"date":"2019-12-02T22:43:40","date_gmt":"2019-12-02T20:43:40","guid":{"rendered":"http:\/\/netzwerke-21.de\/?p=33038"},"modified":"2019-12-02T22:46:01","modified_gmt":"2019-12-02T20:46:01","slug":"stzn-untertuerkheimer-wehren-sich-gegen-abstellbahnhof","status":"publish","type":"post","link":"https:\/\/netzwerke-21.de\/?p=33038","title":{"rendered":"StZN: Untert\u00fcrkheimer wehren sich gegen Abstellbahnhof"},"content":{"rendered":"<p><strong>StZN:<\/strong> <a title=\"\" href=\"https:\/\/www.stuttgarter-nachrichten.de\/inhalt.stuttgart-21-370-einwendungen-gegen-abstellbahnhof.cd291c0f-cb51-4514-ab94-bebb155061be.html\" target=\"_blank\" rel=\"noopener\"><span class=\"article-headline\">Untert\u00fcrkheimer wehren sich gegen Abstellbahnhof<\/span><\/a>: &#8222;<em>Nicht zuletzt wegen 6000 streng gesch\u00fctzter Eidechsen entpuppt sich der geplante Abstellbahnhof in Untert\u00fcrkheim f\u00fcr die Bahn als Problemfall. Mitte Januar sollen die Antragsunterlagen nun \u00f6ffentlich er\u00f6rtert werden.&#8220;<\/em><\/p>\n","protected":false},"excerpt":{"rendered":"<p>StZN: Untert\u00fcrkheimer wehren sich gegen Abstellbahnhof: &#8222;Nicht zuletzt wegen 6000 streng gesch\u00fctzter Eidechsen entpuppt sich der geplante Abstellbahnhof in Untert\u00fcrkheim f\u00fcr die Bahn als Problemfall. Mitte Januar sollen die Antragsunterlagen nun \u00f6ffentlich er\u00f6rtert werden.&#8220;<\/p>\n","protected":false},"author":6,"featured_media":0,"comment_status":"closed","ping_status":"closed","sticky":false,"template":"","format":"standard","meta":{"footnotes":""},"categories":[31,23,34,22,10],"tags":[],"class_list":["post-33038","post","type-post","status-publish","format-standard","hentry","category-eisenbahn-bundesamt","category-eroerterung","category-planfeststellung","category-untertuerkheim","category-veranstaltungen"],"_links":{"self":[{"href":"https:\/\/netzwerke-21.de\/index.php?rest_route=\/wp\/v2\/posts\/33038","targetHints":{"allow":["GET"]}}],"collection":[{"href":"https:\/\/netzwerke-21.de\/index.php?rest_route=\/wp\/v2\/posts"}],"about":[{"href":"https:\/\/netzwerke-21.de\/index.php?rest_route=\/wp\/v2\/types\/post"}],"author":[{"embeddable":true,"href":"https:\/\/netzwerke-21.de\/index.php?rest_route=\/wp\/v2\/users\/6"}],"replies":[{"embeddable":true,"href":"https:\/\/netzwerke-21.de\/index.php?rest_route=%2Fwp%2Fv2%2Fcomments&post=33038"}],"version-history":[{"count":1,"href":"https:\/\/netzwerke-21.de\/index.php?rest_route=\/wp\/v2\/posts\/33038\/revisions"}],"predecessor-version":[{"id":33039,"href":"https:\/\/netzwerke-21.de\/index.php?rest_route=\/wp\/v2\/posts\/33038\/revisions\/33039"}],"wp:attachment":[{"href":"https:\/\/netzwerke-21.de\/index.php?rest_route=%2Fwp%2Fv2%2Fmedia&parent=33038"}],"wp:term":[{"taxonomy":"category","embeddable":true,"href":"https:\/\/netzwerke-21.de\/index.php?rest_route=%2Fwp%2Fv2%2Fcategories&post=33038"},{"taxonomy":"post_tag","embeddable":true,"href":"https:\/\/netzwerke-21.de\/index.php?rest_route=%2Fwp%2Fv2%2Ftags&post=33038"}],"curies":[{"name":"wp","href":"https:\/\/api.w.org\/{rel}","templated":true}]}}