{"id":33025,"date":"2019-11-14T00:57:46","date_gmt":"2019-11-13T22:57:46","guid":{"rendered":"http:\/\/netzwerke-21.de\/?p=33025"},"modified":"2019-12-04T16:06:18","modified_gmt":"2019-12-04T14:06:18","slug":"presseberichte-zum-lenkungskreis-am-11-11-2019","status":"publish","type":"post","link":"https:\/\/netzwerke-21.de\/?p=33025","title":{"rendered":"Presseberichte zum Lenkungskreis am 11.11.2019"},"content":{"rendered":"<p><strong>StZN: <\/strong><a title=\"\" href=\"https:\/\/www.stuttgarter-zeitung.de\/inhalt.stuttgart-21-bahn-schliesst-weitere-kostensteigerung-aus.9474887e-ca73-4543-b562-aadd5c64b0b1.html\" target=\"_blank\" rel=\"noopener\">Bahn schlie\u00dft weitere Kostensteigerung aus<\/a>: &#8222;<em>Die Deutsche Bahn will Ger\u00fcchten entgegensteuern und hat die Kosten f\u00fcr Stuttgart 21 nachgerechnet. Das Ergebnis: Die Baukosten sollen halten \u2013 nach aktuellem Wissensstand.&#8220;<\/em><\/p>\n<p><strong>Kontext:<\/strong> <a title=\"\" href=\"https:\/\/www.kontextwochenzeitung.de\/politik\/450\/freud-und-sorg-im-lenkungskreis-6322.html\" target=\"_blank\" rel=\"noopener\">Freud&#8216; und Sorg&#8216; im Lenkungskreis<\/a>: &#8222;<em>Der Lenkungskreis zu Stuttgart 21 tagte mal wieder. Gebangt wird um das heilbringende ETCS. Wie es mit dem Flughafenbahnhof weitergeht, das wei\u00df auch noch kein Mensch. Und dann war da noch eine Arbeitsgruppe.&#8220;<\/em><\/p>\n<p><strong>StZN: <\/strong><a title=\"\" href=\"https:\/\/www.stuttgarter-zeitung.de\/inhalt.forderung-an-den-bund-stuttgart-21790-millionen-fuer-digitales.5f7eb8de-41b0-4224-9648-ec8a4b449f1d.html\" target=\"_blank\" rel=\"noopener\">790 Millionen f\u00fcr digitale Technik<\/a>: &#8222;<em>Im neuen Bahnknoten Stuttgart\u200921 soll keine alte Technik verbaut werden. Doch die Digitalisierung ist deutlich teurer als herk\u00f6mmliche Signale und Stellwerke. Die Projektpartner wollen vom Bund rasch F\u00f6rder\u00adzusagen.&#8220;<\/em><\/p>\n","protected":false},"excerpt":{"rendered":"<p>StZN: Bahn schlie\u00dft weitere Kostensteigerung aus: &#8222;Die Deutsche Bahn will Ger\u00fcchten entgegensteuern und hat die Kosten f\u00fcr Stuttgart 21 nachgerechnet. Das Ergebnis: Die Baukosten sollen halten \u2013 nach aktuellem Wissensstand.&#8220; Kontext: Freud&#8216; und Sorg&#8216; im Lenkungskreis: &#8222;Der Lenkungskreis zu Stuttgart &hellip; <a href=\"https:\/\/netzwerke-21.de\/?p=33025\">Weiterlesen <span class=\"meta-nav\">&rarr;<\/span><\/a><\/p>\n","protected":false},"author":6,"featured_media":0,"comment_status":"closed","ping_status":"closed","sticky":false,"template":"","format":"standard","meta":{"footnotes":""},"categories":[46,59,39,63,79,80,26,58],"tags":[],"class_list":["post-33025","post","type-post","status-publish","format-standard","hentry","category-filderbereich","category-kosten","category-land-bw","category-leistungsfaehigkeit","category-lenkungskreis","category-s-bahn","category-stadt-stuttgart","category-tiefbahnhof"],"_links":{"self":[{"href":"https:\/\/netzwerke-21.de\/index.php?rest_route=\/wp\/v2\/posts\/33025","targetHints":{"allow":["GET"]}}],"collection":[{"href":"https:\/\/netzwerke-21.de\/index.php?rest_route=\/wp\/v2\/posts"}],"about":[{"href":"https:\/\/netzwerke-21.de\/index.php?rest_route=\/wp\/v2\/types\/post"}],"author":[{"embeddable":true,"href":"https:\/\/netzwerke-21.de\/index.php?rest_route=\/wp\/v2\/users\/6"}],"replies":[{"embeddable":true,"href":"https:\/\/netzwerke-21.de\/index.php?rest_route=%2Fwp%2Fv2%2Fcomments&post=33025"}],"version-history":[{"count":1,"href":"https:\/\/netzwerke-21.de\/index.php?rest_route=\/wp\/v2\/posts\/33025\/revisions"}],"predecessor-version":[{"id":33026,"href":"https:\/\/netzwerke-21.de\/index.php?rest_route=\/wp\/v2\/posts\/33025\/revisions\/33026"}],"wp:attachment":[{"href":"https:\/\/netzwerke-21.de\/index.php?rest_route=%2Fwp%2Fv2%2Fmedia&parent=33025"}],"wp:term":[{"taxonomy":"category","embeddable":true,"href":"https:\/\/netzwerke-21.de\/index.php?rest_route=%2Fwp%2Fv2%2Fcategories&post=33025"},{"taxonomy":"post_tag","embeddable":true,"href":"https:\/\/netzwerke-21.de\/index.php?rest_route=%2Fwp%2Fv2%2Ftags&post=33025"}],"curies":[{"name":"wp","href":"https:\/\/api.w.org\/{rel}","templated":true}]}}