{"id":32857,"date":"2019-10-13T01:39:32","date_gmt":"2019-10-12T23:39:32","guid":{"rendered":"http:\/\/netzwerke-21.de\/?p=32857"},"modified":"2019-10-17T22:19:29","modified_gmt":"2019-10-17T20:19:29","slug":"stzn-filderstadt-blickt-mit-sorge-aufs-bahn-konzept","status":"publish","type":"post","link":"https:\/\/netzwerke-21.de\/?p=32857","title":{"rendered":"StZN: Filderstadt blickt mit Sorge aufs Bahn-Konzept \/ Warnung vor Verkehrschaos \/ Programmierter Verkehrskollaps"},"content":{"rendered":"<p><strong>StZN: <\/strong><a title=\"\" href=\"https:\/\/www.stuttgarter-zeitung.de\/inhalt.stuttgart-21-filderstadt-blickt-mit-sorge-aufs-bahn-konzept.7b31f520-203d-4e2e-bafb-55237220c60a.html\" target=\"_blank\" rel=\"noopener\">Filderstadt blickt mit Sorge aufs Bahn-Konzept<\/a>: &#8222;<em>Erhebt nun auch eine zweite Filderkommune seine Stimme gegen das Bahn-Konzept? Filderstadts Oberb\u00fcrgermeister Christoph Traub trifft sich mit Amtskolleg<\/em><em>e Roland Klenk aus Leinfelden-Echterdingen. Inhalt des Gespr\u00e4chs: das S-21-Konzept auf den Fildern und die kritische Expertise von Gutachter Hohnecker.&#8220;<\/em><\/p>\n<p><strong>StN: <\/strong><a title=\"\" href=\"https:\/\/www.stuttgarter-nachrichten.de\/inhalt.verkehr-im-kreis-boeblingen-warnung-vor-verkehrschaos.d4bf67f4-25c5-4911-b12c-f8e42c8a4d13.html\" target=\"_blank\" rel=\"noopener\"><span class=\"article-headline\">Warnung vor Verkehrschaos<\/span><\/a>: &#8222;<em>Die Oberb\u00fcrgermeister von B\u00f6blingen und Sindelfingen verschicken einen Brandbrief. Sie f\u00fcrchten, dass wegen Stuttgart 21 und Autobahnausbau der Landkreis abgeh\u00e4ngt.&#8220;<\/em><\/p>\n<p><strong>StZ:<\/strong><a title=\"\" href=\"https:\/\/www.stuttgarter-zeitung.de\/inhalt.stuttgart-21-trifft-den-landkreis-boeblingen-programmierter-verkehrskollaps.521c96aa-4190-4707-9234-ce86b245cf7f.html\" target=\"_blank\" rel=\"noopener\"> Programmierter Verkehrskollaps<\/a>: &#8222;<em>19 Rathauschefs haben einen Brandbrief an den Verkehrsminister verschickt. Sie f\u00fcrchten um die Zukunft des Kreises als Wirtschaftsstandort \u2013 im Kern wegen Fehlplanungen.&#8220;<\/em><\/p>\n","protected":false},"excerpt":{"rendered":"<p>StZN: Filderstadt blickt mit Sorge aufs Bahn-Konzept: &#8222;Erhebt nun auch eine zweite Filderkommune seine Stimme gegen das Bahn-Konzept? Filderstadts Oberb\u00fcrgermeister Christoph Traub trifft sich mit Amtskollege Roland Klenk aus Leinfelden-Echterdingen. Inhalt des Gespr\u00e4chs: das S-21-Konzept auf den Fildern und die &hellip; <a href=\"https:\/\/netzwerke-21.de\/?p=32857\">Weiterlesen <span class=\"meta-nav\">&rarr;<\/span><\/a><\/p>\n","protected":false},"author":6,"featured_media":0,"comment_status":"closed","ping_status":"closed","sticky":false,"template":"","format":"standard","meta":{"footnotes":""},"categories":[23,46,63,34,80,24],"tags":[],"class_list":["post-32857","post","type-post","status-publish","format-standard","hentry","category-eroerterung","category-filderbereich","category-leistungsfaehigkeit","category-planfeststellung","category-s-bahn","category-verkehr"],"_links":{"self":[{"href":"https:\/\/netzwerke-21.de\/index.php?rest_route=\/wp\/v2\/posts\/32857","targetHints":{"allow":["GET"]}}],"collection":[{"href":"https:\/\/netzwerke-21.de\/index.php?rest_route=\/wp\/v2\/posts"}],"about":[{"href":"https:\/\/netzwerke-21.de\/index.php?rest_route=\/wp\/v2\/types\/post"}],"author":[{"embeddable":true,"href":"https:\/\/netzwerke-21.de\/index.php?rest_route=\/wp\/v2\/users\/6"}],"replies":[{"embeddable":true,"href":"https:\/\/netzwerke-21.de\/index.php?rest_route=%2Fwp%2Fv2%2Fcomments&post=32857"}],"version-history":[{"count":6,"href":"https:\/\/netzwerke-21.de\/index.php?rest_route=\/wp\/v2\/posts\/32857\/revisions"}],"predecessor-version":[{"id":32864,"href":"https:\/\/netzwerke-21.de\/index.php?rest_route=\/wp\/v2\/posts\/32857\/revisions\/32864"}],"wp:attachment":[{"href":"https:\/\/netzwerke-21.de\/index.php?rest_route=%2Fwp%2Fv2%2Fmedia&parent=32857"}],"wp:term":[{"taxonomy":"category","embeddable":true,"href":"https:\/\/netzwerke-21.de\/index.php?rest_route=%2Fwp%2Fv2%2Fcategories&post=32857"},{"taxonomy":"post_tag","embeddable":true,"href":"https:\/\/netzwerke-21.de\/index.php?rest_route=%2Fwp%2Fv2%2Ftags&post=32857"}],"curies":[{"name":"wp","href":"https:\/\/api.w.org\/{rel}","templated":true}]}}